{"id":6640,"date":"2026-04-29T06:10:10","date_gmt":"2026-04-29T09:10:10","guid":{"rendered":"https:\/\/vagas.portalemprego.com.br\/?p=6640"},"modified":"2026-04-29T06:10:10","modified_gmt":"2026-04-29T09:10:10","slug":"ferramenteiro-industrial-producao-fabrica-paracambi","status":"publish","type":"post","link":"https:\/\/vagas.portalemprego.com.br\/?p=6640","title":{"rendered":"Ferramenteiro &#8211; Industrial, Produ\u00e7\u00e3o, F\u00e1brica &#8211; Paracambi"},"content":{"rendered":"<p>Estamos em busca de um profissional habilidoso e experiente para se juntar \u00e0 nossa equipe como Ferramenteiro.<br \/>\nEste cargo \u00e9 fundamental para garantir a qualidade e a efici\u00eancia de nossos projetos de fabrica\u00e7\u00e3o e montagem de ferramentas especializadas.<br \/>\nVoc\u00ea ser\u00e1 respons\u00e1vel por projetar, fabricar e manter ferramentas de alta precis\u00e3o, garantindo que todas as pe\u00e7as e componentes atendam aos mais altos padr\u00f5es de qualidade.<br \/>\nSuas habilidades devem incluir a leitura e interpreta\u00e7\u00e3o de desenhos t\u00e9cnicos, o uso de m\u00e1quinas de precis\u00e3o e a capacidade de solucionar problemas t\u00e9cnicos complexos.<br \/>\nExperi\u00eancia em metalurgia e conhecimento em materiais de ferramentas s\u00e3o altamente valorizados.<\/p>\n<p>Al\u00e9m de suas habilidades t\u00e9cnicas, buscamos algu\u00e9m que demonstre comprometimento com a seguran\u00e7a no trabalho e que esteja disposto a aprender e adaptar-se \u00e0s novas tecnologias e processos.<br \/>\nA colabora\u00e7\u00e3o e o trabalho em equipe s\u00e3o fundamentais para o sucesso nesta posi\u00e7\u00e3o.<\/p>\n<p>Se voc\u00ea tem uma paix\u00e3o por ferramentas e uma dedica\u00e7\u00e3o \u00e0 excel\u00eancia em fabrica\u00e7\u00e3o, esta oportunidade pode ser perfeita para voc\u00ea.<br \/>\nJunte-se \u00e0 nossa equipe e contribua para o avan\u00e7o de nossos projetos com sua expertise e comprometimento.<\/p>\n<p>A candidatura deve ser feita diretamente pelo sistema de sele\u00e7\u00e3o da empresa.<br \/>\nEstamos ansiosos para conhecer profissionais como voc\u00ea que buscam um ambiente de trabalho desafiador e inovador.<\/p>\n<ul>\n<li>Local de trabalho: Paracambi, RJ<\/li>\n<li>Regime de contrata\u00e7\u00e3o de tipo: Efetivo \u2013 CLT<\/li>\n<li>Jornada: Per\u00edodo Integral<\/li>\n<li>\u00c1rea e especializa\u00e7\u00e3o profissional: Industrial, Produ\u00e7\u00e3o, F\u00e1brica &#8211; Ferramentaria<\/li>\n<li>N\u00edvel hier\u00e1rquico: Operacional<\/li>\n<\/ul>\n<p>VALORIZADO<\/p>\n<p>Tempo de experi\u00eancia: Entre 3 e 5 anos<\/p>\n<p>HABILIDADES<\/p>\n<ul>\n<li>Gympass<\/li>\n<li>Vale alimenta\u00e7\u00e3o<\/li>\n<li>Produtividade<\/li>\n<li>Refei\u00e7\u00e3o no local<\/li>\n<li>Plano de sa\u00fade coparticipativo<\/li>\n<li>Transporte<\/li>\n<li>Conv\u00eanio com institui\u00e7\u00f5es de ensino<\/li>\n<\/ul>\n<p>Escolaridade M\u00ednima: Curso T\u00e9cnico<\/p>\n<p>Habilita\u00e7\u00e3o para dirigir: B, A<\/p>\n<p>Ve\u00edculo pr\u00f3prio<\/p>\n","protected":false},"excerpt":{"rendered":"<p>Estamos em busca de um profissional habilidoso e experiente para se juntar \u00e0 nossa equipe como Ferramenteiro. Este cargo \u00e9 fundamental para garantir a qualidade e a efici\u00eancia de nossos projetos de fabrica\u00e7\u00e3o e montagem de ferramentas especializadas. Voc\u00ea ser\u00e1 respons\u00e1vel por projetar, fabricar e manter ferramentas de alta precis\u00e3o, garantindo que todas as pe\u00e7as [&hellip;]<\/p>\n","protected":false},"author":1,"featured_media":0,"comment_status":"open","ping_status":"open","sticky":false,"template":"","format":"standard","meta":{"footnotes":""},"categories":[21],"tags":[],"class_list":["post-6640","post","type-post","status-publish","format-standard","hentry","category-rio-de-janeiro-rj"],"_links":{"self":[{"href":"https:\/\/vagas.portalemprego.com.br\/index.php?rest_route=\/wp\/v2\/posts\/6640","targetHints":{"allow":["GET"]}}],"collection":[{"href":"https:\/\/vagas.portalemprego.com.br\/index.php?rest_route=\/wp\/v2\/posts"}],"about":[{"href":"https:\/\/vagas.portalemprego.com.br\/index.php?rest_route=\/wp\/v2\/types\/post"}],"author":[{"embeddable":true,"href":"https:\/\/vagas.portalemprego.com.br\/index.php?rest_route=\/wp\/v2\/users\/1"}],"replies":[{"embeddable":true,"href":"https:\/\/vagas.portalemprego.com.br\/index.php?rest_route=%2Fwp%2Fv2%2Fcomments&post=6640"}],"version-history":[{"count":0,"href":"https:\/\/vagas.portalemprego.com.br\/index.php?rest_route=\/wp\/v2\/posts\/6640\/revisions"}],"wp:attachment":[{"href":"https:\/\/vagas.portalemprego.com.br\/index.php?rest_route=%2Fwp%2Fv2%2Fmedia&parent=6640"}],"wp:term":[{"taxonomy":"category","embeddable":true,"href":"https:\/\/vagas.portalemprego.com.br\/index.php?rest_route=%2Fwp%2Fv2%2Fcategories&post=6640"},{"taxonomy":"post_tag","embeddable":true,"href":"https:\/\/vagas.portalemprego.com.br\/index.php?rest_route=%2Fwp%2Fv2%2Ftags&post=6640"}],"curies":[{"name":"wp","href":"https:\/\/api.w.org\/{rel}","templated":true}]}}