{"id":6641,"date":"2026-04-29T06:10:10","date_gmt":"2026-04-29T09:10:10","guid":{"rendered":"https:\/\/vagas.portalemprego.com.br\/?p=6641"},"modified":"2026-04-29T06:10:10","modified_gmt":"2026-04-29T09:10:10","slug":"motorista-hab-d-transportes-rio-de-janeiro-3","status":"publish","type":"post","link":"https:\/\/vagas.portalemprego.com.br\/?p=6641","title":{"rendered":"Motorista &#8211; Hab D &#8211; Transportes &#8211; Rio de Janeiro"},"content":{"rendered":"<p>Estamos em busca de um profissional experiente para o cargo de Motorista com habilita\u00e7\u00e3o D.<br \/>\nBuscamos algu\u00e9m que tenha um hist\u00f3rico comprovado de responsabilidade e seguran\u00e7a ao volante.<br \/>\nA experi\u00eancia em carteira \u00e9 um requisito fundamental para esta posi\u00e7\u00e3o.<\/p>\n<p>O candidato ideal deve demonstrar um forte compromisso com a seguran\u00e7a e a efici\u00eancia nas entregas.<br \/>\n\u00c9 essencial que tenha uma trajet\u00f3ria de conduta irrepreens\u00edvel ao volante, com foco na preven\u00e7\u00e3o de acidentes e na adequa\u00e7\u00e3o \u00e0s normas de tr\u00e2nsito.<\/p>\n<p>A posi\u00e7\u00e3o exige um motorista que possa gerenciar rotas complexas, garantir a entrega pontual de cargas e atender \u00e0s necessidades espec\u00edficas do cliente com efici\u00eancia e profissionalismo.<br \/>\nO candidato deve ser capaz de trabalhar em turnos variados, incluindo finais de semana e feriados, conforme necess\u00e1rio.<\/p>\n<p>Al\u00e9m da experi\u00eancia comprovada, buscamos algu\u00e9m com uma atitude proativa e uma mentalidade orientada para resultados.<br \/>\nO candidato deve ser capaz de comunicar-se efetivamente com a equipe e com os clientes, garantindo um servi\u00e7o de alta qualidade.<\/p>\n<p>Se voc\u00ea tem uma s\u00f3lida experi\u00eancia em dire\u00e7\u00e3o e est\u00e1 buscando um novo desafio em um ambiente que valoriza a seguran\u00e7a e a excel\u00eancia operacional, esta oportunidade pode ser perfeita para voc\u00ea.<br \/>\nJunte-se \u00e0 nossa equipe e contribua para o sucesso da empresa com sua expertise e comprometimento.<\/p>\n<ul>\n<li>Local de trabalho: Rio de Janeiro, RJ<\/li>\n<li>Regime de contrata\u00e7\u00e3o de tipo: Efetivo \u2013 CLT<\/li>\n<li>Jornada: Per\u00edodo Integral<\/li>\n<li>\u00c1rea e especializa\u00e7\u00e3o profissional: Transportes &#8211; Motorista &#8211; Hab D<\/li>\n<li>N\u00edvel hier\u00e1rquico: Operacional<\/li>\n<\/ul>\n<p>VALORIZADO<\/p>\n<p>Tempo de experi\u00eancia: Entre 3 e 5 anos<\/p>\n<p>HABILIDADES<\/p>\n<ul>\n<li>Comprovar experi\u00eancia em carteira D<\/li>\n<\/ul>\n<p>Escolaridade M\u00ednima: Ensino M\u00e9dio (2\u00ba Grau)<\/p>\n<p>Habilita\u00e7\u00e3o para dirigir: D<\/p>\n<ul>\n<li>Vale transporte; Plano de saude; Plano odontologico; Cesta basica<\/li>\n<\/ul>\n<p>Sal\u00e1rio: 2100,0<\/p>\n","protected":false},"excerpt":{"rendered":"<p>Estamos em busca de um profissional experiente para o cargo de Motorista com habilita\u00e7\u00e3o D. Buscamos algu\u00e9m que tenha um hist\u00f3rico comprovado de responsabilidade e seguran\u00e7a ao volante. A experi\u00eancia em carteira \u00e9 um requisito fundamental para esta posi\u00e7\u00e3o. O candidato ideal deve demonstrar um forte compromisso com a seguran\u00e7a e a efici\u00eancia nas entregas. [&hellip;]<\/p>\n","protected":false},"author":1,"featured_media":0,"comment_status":"open","ping_status":"open","sticky":false,"template":"","format":"standard","meta":{"footnotes":""},"categories":[21],"tags":[],"class_list":["post-6641","post","type-post","status-publish","format-standard","hentry","category-rio-de-janeiro-rj"],"_links":{"self":[{"href":"https:\/\/vagas.portalemprego.com.br\/index.php?rest_route=\/wp\/v2\/posts\/6641","targetHints":{"allow":["GET"]}}],"collection":[{"href":"https:\/\/vagas.portalemprego.com.br\/index.php?rest_route=\/wp\/v2\/posts"}],"about":[{"href":"https:\/\/vagas.portalemprego.com.br\/index.php?rest_route=\/wp\/v2\/types\/post"}],"author":[{"embeddable":true,"href":"https:\/\/vagas.portalemprego.com.br\/index.php?rest_route=\/wp\/v2\/users\/1"}],"replies":[{"embeddable":true,"href":"https:\/\/vagas.portalemprego.com.br\/index.php?rest_route=%2Fwp%2Fv2%2Fcomments&post=6641"}],"version-history":[{"count":0,"href":"https:\/\/vagas.portalemprego.com.br\/index.php?rest_route=\/wp\/v2\/posts\/6641\/revisions"}],"wp:attachment":[{"href":"https:\/\/vagas.portalemprego.com.br\/index.php?rest_route=%2Fwp%2Fv2%2Fmedia&parent=6641"}],"wp:term":[{"taxonomy":"category","embeddable":true,"href":"https:\/\/vagas.portalemprego.com.br\/index.php?rest_route=%2Fwp%2Fv2%2Fcategories&post=6641"},{"taxonomy":"post_tag","embeddable":true,"href":"https:\/\/vagas.portalemprego.com.br\/index.php?rest_route=%2Fwp%2Fv2%2Ftags&post=6641"}],"curies":[{"name":"wp","href":"https:\/\/api.w.org\/{rel}","templated":true}]}}