{"id":6643,"date":"2026-04-29T06:10:10","date_gmt":"2026-04-29T09:10:10","guid":{"rendered":"https:\/\/vagas.portalemprego.com.br\/?p=6643"},"modified":"2026-04-29T06:10:10","modified_gmt":"2026-04-29T09:10:10","slug":"atendente-de-cafeteria-shopping-leblon-fechamento-de-loja-alimentacao-gastronomia-rio-de-janeiro","status":"publish","type":"post","link":"https:\/\/vagas.portalemprego.com.br\/?p=6643","title":{"rendered":"Atendente de Cafeteria &#8211; Shopping Leblon (Fechamento de loja) &#8211; Alimenta\u00e7\u00e3o \/ Gastronomia &#8211; Rio de Janeiro"},"content":{"rendered":"<p>N\u00f3s da empresa Isabela Akkari temos como prop\u00f3sito inspirar o crescimento pessoal e profissional das pessoas, entregar produtos inclusivos que ofere\u00e7am qualidade, sabor e sofistica\u00e7\u00e3o aliados ao estilo de vida mais saud\u00e1vel.<br \/>\nCaso voc\u00ea se identifique com a nossa miss\u00e3o, essa vaga \u00e9 sua. Venha fazer parte do nosso time!<br \/>\nEstamos em busca de um Atendente de Cafeteria &#8211; Shopping Leblon &#8211; Fechamento de loja &#8211; das 14h \u00e0s 22h, que ser\u00e1 respons\u00e1vel:<br \/>\n&#8211; Atendimento ao cliente, mesa e balc\u00e3o. Dever\u00e1 prezar pelo melhor atendimento;<br \/>\n&#8211; Caixa;<br \/>\n&#8211; Recebimento de produtos;<br \/>\n&#8211; Organiza\u00e7\u00e3o da loja, visando o bem estar de todos;<br \/>\n&#8211; Controle do estoque.<\/p>\n<p>Compet\u00eancias:<br \/>\n&#8211; Capacidade de trabalhar em equipe;<br \/>\n&#8211; Comprometimento;<br \/>\n&#8211; Controle emocional;<br \/>\n&#8211; Cordialidade e respeito;<br \/>\n&#8211; Pr\u00f3 atividade;<br \/>\n&#8211; Ser organizado (a);<br \/>\n&#8211; Versatilidade.<\/p>\n<p>O que est\u00e1 sendo ofertado:<br \/>\n&#8211; Vaga CLT, com oportunidade de crescimento e desenvolvimento;<br \/>\n&#8211; Sal\u00e1rio (estamos trabalhando com pretens\u00e3o salarial);<br \/>\n&#8211; VT;<br \/>\n&#8211; VR (R$ 25,00 ao dia);<br \/>\n&#8211; Assist\u00eancia M\u00e9dica e Odontol\u00f3gica;<br \/>\n&#8211; 1 Folga por assiduidade;<br \/>\n&#8211; 10% sobre as mesas atendidas.<\/p>\n<p>Venha fazer parte da nossa hist\u00f3ria de sucesso!<\/p>\n<ul>\n<li>Local de trabalho: Rio de Janeiro, RJ<\/li>\n<li>Regime de contrata\u00e7\u00e3o de tipo: Efetivo \u2013 CLT<\/li>\n<li>Jornada: Per\u00edodo Integral<\/li>\n<li>\u00c1rea e especializa\u00e7\u00e3o profissional: Alimenta\u00e7\u00e3o \/ Gastronomia &#8211; Atendente \/ Recep\u00e7\u00e3o \/ Gar\u00e7om<\/li>\n<li>N\u00edvel hier\u00e1rquico: Assistente<\/li>\n<\/ul>\n<p>Escolaridade M\u00ednima: Ensino M\u00e9dio (2\u00ba Grau)<\/p>\n<ul>\n<li>Folga assiduidade<\/li>\n<li>SENAC<\/li>\n<li>SESC<\/li>\n<li>Day off anivers\u00e1rio<\/li>\n<li>VT<\/li>\n<li>Assist\u00eancia odontol\u00f3gica<\/li>\n<li>Assist\u00eancia m\u00e9dica<\/li>\n<li>VR<\/li>\n<li>Plano de carreira<\/li>\n<\/ul>\n","protected":false},"excerpt":{"rendered":"<p>N\u00f3s da empresa Isabela Akkari temos como prop\u00f3sito inspirar o crescimento pessoal e profissional das pessoas, entregar produtos inclusivos que ofere\u00e7am qualidade, sabor e sofistica\u00e7\u00e3o aliados ao estilo de vida mais saud\u00e1vel. Caso voc\u00ea se identifique com a nossa miss\u00e3o, essa vaga \u00e9 sua. Venha fazer parte do nosso time! Estamos em busca de um [&hellip;]<\/p>\n","protected":false},"author":1,"featured_media":0,"comment_status":"open","ping_status":"open","sticky":false,"template":"","format":"standard","meta":{"footnotes":""},"categories":[21],"tags":[],"class_list":["post-6643","post","type-post","status-publish","format-standard","hentry","category-rio-de-janeiro-rj"],"_links":{"self":[{"href":"https:\/\/vagas.portalemprego.com.br\/index.php?rest_route=\/wp\/v2\/posts\/6643","targetHints":{"allow":["GET"]}}],"collection":[{"href":"https:\/\/vagas.portalemprego.com.br\/index.php?rest_route=\/wp\/v2\/posts"}],"about":[{"href":"https:\/\/vagas.portalemprego.com.br\/index.php?rest_route=\/wp\/v2\/types\/post"}],"author":[{"embeddable":true,"href":"https:\/\/vagas.portalemprego.com.br\/index.php?rest_route=\/wp\/v2\/users\/1"}],"replies":[{"embeddable":true,"href":"https:\/\/vagas.portalemprego.com.br\/index.php?rest_route=%2Fwp%2Fv2%2Fcomments&post=6643"}],"version-history":[{"count":0,"href":"https:\/\/vagas.portalemprego.com.br\/index.php?rest_route=\/wp\/v2\/posts\/6643\/revisions"}],"wp:attachment":[{"href":"https:\/\/vagas.portalemprego.com.br\/index.php?rest_route=%2Fwp%2Fv2%2Fmedia&parent=6643"}],"wp:term":[{"taxonomy":"category","embeddable":true,"href":"https:\/\/vagas.portalemprego.com.br\/index.php?rest_route=%2Fwp%2Fv2%2Fcategories&post=6643"},{"taxonomy":"post_tag","embeddable":true,"href":"https:\/\/vagas.portalemprego.com.br\/index.php?rest_route=%2Fwp%2Fv2%2Ftags&post=6643"}],"curies":[{"name":"wp","href":"https:\/\/api.w.org\/{rel}","templated":true}]}}