{"id":6645,"date":"2026-04-29T06:10:10","date_gmt":"2026-04-29T09:10:10","guid":{"rendered":"https:\/\/vagas.portalemprego.com.br\/?p=6645"},"modified":"2026-04-29T06:10:10","modified_gmt":"2026-04-29T09:10:10","slug":"vendedor-comercial-vendas-rio-de-janeiro-15","status":"publish","type":"post","link":"https:\/\/vagas.portalemprego.com.br\/?p=6645","title":{"rendered":"Vendedor &#8211; Comercial, Vendas &#8211; Rio de Janeiro"},"content":{"rendered":"<p>Loja renomada no ramo de bolsas, cal\u00e7ados e acess\u00f3rios localizada no Leblon contrata:<\/p>\n<p>Vendedora <\/p>\n<p>Requisitos:<br \/>\n&#8211; Experi\u00eancia anterior com vendas, prefer\u00edvel no varejo de moda feminina<br \/>\n&#8211; F\u00e1cil acesso ao local<\/p>\n<p>Hor\u00e1rio:<br \/>\nDe segunda a sexta:  09h \u00e0s 17h<\/p>\n<p>Sal\u00e1rio: R$2000,00 + VT<\/p>\n<ul>\n<li>Local de trabalho: Rio de Janeiro, RJ<\/li>\n<li>Regime de contrata\u00e7\u00e3o de tipo: Efetivo \u2013 CLT<\/li>\n<li>Jornada: Per\u00edodo Integral<\/li>\n<li>\u00c1rea e especializa\u00e7\u00e3o profissional: Comercial, Vendas &#8211; Lojas \/ Shopping<\/li>\n<li>N\u00edvel hier\u00e1rquico: Operacional<\/li>\n<\/ul>\n<p>Escolaridade M\u00ednima: Ensino M\u00e9dio (2\u00ba Grau)<\/p>\n<p>Sal\u00e1rio: 2000,0<\/p>\n","protected":false},"excerpt":{"rendered":"<p>Loja renomada no ramo de bolsas, cal\u00e7ados e acess\u00f3rios localizada no Leblon contrata: Vendedora Requisitos: &#8211; Experi\u00eancia anterior com vendas, prefer\u00edvel no varejo de moda feminina &#8211; F\u00e1cil acesso ao local Hor\u00e1rio: De segunda a sexta: 09h \u00e0s 17h Sal\u00e1rio: R$2000,00 + VT Local de trabalho: Rio de Janeiro, RJ Regime de contrata\u00e7\u00e3o de tipo: [&hellip;]<\/p>\n","protected":false},"author":1,"featured_media":0,"comment_status":"open","ping_status":"open","sticky":false,"template":"","format":"standard","meta":{"footnotes":""},"categories":[21],"tags":[],"class_list":["post-6645","post","type-post","status-publish","format-standard","hentry","category-rio-de-janeiro-rj"],"_links":{"self":[{"href":"https:\/\/vagas.portalemprego.com.br\/index.php?rest_route=\/wp\/v2\/posts\/6645","targetHints":{"allow":["GET"]}}],"collection":[{"href":"https:\/\/vagas.portalemprego.com.br\/index.php?rest_route=\/wp\/v2\/posts"}],"about":[{"href":"https:\/\/vagas.portalemprego.com.br\/index.php?rest_route=\/wp\/v2\/types\/post"}],"author":[{"embeddable":true,"href":"https:\/\/vagas.portalemprego.com.br\/index.php?rest_route=\/wp\/v2\/users\/1"}],"replies":[{"embeddable":true,"href":"https:\/\/vagas.portalemprego.com.br\/index.php?rest_route=%2Fwp%2Fv2%2Fcomments&post=6645"}],"version-history":[{"count":0,"href":"https:\/\/vagas.portalemprego.com.br\/index.php?rest_route=\/wp\/v2\/posts\/6645\/revisions"}],"wp:attachment":[{"href":"https:\/\/vagas.portalemprego.com.br\/index.php?rest_route=%2Fwp%2Fv2%2Fmedia&parent=6645"}],"wp:term":[{"taxonomy":"category","embeddable":true,"href":"https:\/\/vagas.portalemprego.com.br\/index.php?rest_route=%2Fwp%2Fv2%2Fcategories&post=6645"},{"taxonomy":"post_tag","embeddable":true,"href":"https:\/\/vagas.portalemprego.com.br\/index.php?rest_route=%2Fwp%2Fv2%2Ftags&post=6645"}],"curies":[{"name":"wp","href":"https:\/\/api.w.org\/{rel}","templated":true}]}}