{"id":6654,"date":"2026-04-29T06:10:10","date_gmt":"2026-04-29T09:10:10","guid":{"rendered":"https:\/\/vagas.portalemprego.com.br\/?p=6654"},"modified":"2026-04-29T06:10:10","modified_gmt":"2026-04-29T09:10:10","slug":"auxiliar-de-cozinha-mane-recreio-alimentacao-gastronomia-rio-de-janeiro","status":"publish","type":"post","link":"https:\/\/vagas.portalemprego.com.br\/?p=6654","title":{"rendered":"Auxiliar de Cozinha &#8211; Man\u00e9  Recreio &#8211; Alimenta\u00e7\u00e3o \/ Gastronomia &#8211; Rio de Janeiro"},"content":{"rendered":"<p>A T\u00e1tico Talentos est\u00e1 em busca de profissionais para atuar como Auxiliar de Cozinha  na equipe do Man\u00e9 Recreio!  Esta \u00e9 uma excelente oportunidade para profissionais que desejam crescer e fazer parte de um ambiente din\u00e2mico e inovador.<\/p>\n<p>Sobre a empresa:<br \/>\nO Man\u00e9 \u00e9 uma das marcas do Grupo Impettus, reconhecida por sua proposta gastron\u00f4mica descontra\u00edda e sofisticada. O restaurante combina tradi\u00e7\u00e3o e modernidade, oferecendo um ambiente acolhedor e um card\u00e1pio cuidadosamente elaborado, que valoriza ingredientes de qualidade e sabores aut\u00eanticos. Com um atendimento diferenciado e uma experi\u00eancia \u00fanica, o Man\u00e9 se destaca como um destino ideal para quem busca boa comida e momentos memor\u00e1veis.<\/p>\n<p>Atividades :<br \/>\n&#8211; Auxiliar nas tarefas que foram delegadas pelo cozinheiro.<br \/>\n&#8211; Auxiliar na prepara\u00e7\u00e3o de alimentos.<br \/>\n&#8211; Auxiliar na limpeza, organiza\u00e7\u00e3o, porcionamento, produ\u00e7\u00e3o e montagem de pra\u00e7a.<\/p>\n<p>Requisitos:<br \/>\n&#8211; Experi\u00eancia pr\u00e9via na fun\u00e7\u00e3o;<br \/>\n&#8211; Disponibilidade para trabalhar em hor\u00e1rios variados, incluindo finais de semana e feriados.<br \/>\n&#8211; Ter f\u00e1cil acesso ao local. <\/p>\n<p>Sobre a vaga:<br \/>\n&#8211; Contrata\u00e7\u00e3o: CLT<br \/>\n&#8211; Remunera\u00e7\u00e3o: R$1.592,76;<br \/>\n&#8211; Comiss\u00e3o;<br \/>\n&#8211; VT;<br \/>\n&#8211; Alimenta\u00e7\u00e3o no local;<br \/>\n&#8211; Turno: TARDE (16:00 \u00e0s 01:00h)<br \/>\n&#8211; Escala 6&#215;1;<br \/>\n&#8211; Muita oportunidade de crescimento! <\/p>\n<p>Se voc\u00ea quer fazer parte de uma equipe comprometida e em crescimento, envie o seu curr\u00edculo para n\u00f3s.<\/p>\n<ul>\n<li>N\u00famero de vagas: 3<\/li>\n<li>Local de trabalho: Rio de Janeiro, RJ<\/li>\n<li>Regime de contrata\u00e7\u00e3o de tipo: Efetivo \u2013 CLT<\/li>\n<li>Jornada: Per\u00edodo Integral<\/li>\n<li>\u00c1rea e especializa\u00e7\u00e3o profissional: Alimenta\u00e7\u00e3o \/ Gastronomia &#8211; Gastronomia<\/li>\n<li>N\u00edvel hier\u00e1rquico: Auxiliar<\/li>\n<\/ul>\n<p>VALORIZADO<\/p>\n<p>Tempo de experi\u00eancia: Entre 1 e 3 anos<\/p>\n<p>Escolaridade M\u00ednima: Ensino M\u00e9dio (2\u00ba Grau)<\/p>\n","protected":false},"excerpt":{"rendered":"<p>A T\u00e1tico Talentos est\u00e1 em busca de profissionais para atuar como Auxiliar de Cozinha na equipe do Man\u00e9 Recreio! Esta \u00e9 uma excelente oportunidade para profissionais que desejam crescer e fazer parte de um ambiente din\u00e2mico e inovador. Sobre a empresa: O Man\u00e9 \u00e9 uma das marcas do Grupo Impettus, reconhecida por sua proposta gastron\u00f4mica [&hellip;]<\/p>\n","protected":false},"author":1,"featured_media":0,"comment_status":"open","ping_status":"open","sticky":false,"template":"","format":"standard","meta":{"footnotes":""},"categories":[21],"tags":[],"class_list":["post-6654","post","type-post","status-publish","format-standard","hentry","category-rio-de-janeiro-rj"],"_links":{"self":[{"href":"https:\/\/vagas.portalemprego.com.br\/index.php?rest_route=\/wp\/v2\/posts\/6654","targetHints":{"allow":["GET"]}}],"collection":[{"href":"https:\/\/vagas.portalemprego.com.br\/index.php?rest_route=\/wp\/v2\/posts"}],"about":[{"href":"https:\/\/vagas.portalemprego.com.br\/index.php?rest_route=\/wp\/v2\/types\/post"}],"author":[{"embeddable":true,"href":"https:\/\/vagas.portalemprego.com.br\/index.php?rest_route=\/wp\/v2\/users\/1"}],"replies":[{"embeddable":true,"href":"https:\/\/vagas.portalemprego.com.br\/index.php?rest_route=%2Fwp%2Fv2%2Fcomments&post=6654"}],"version-history":[{"count":0,"href":"https:\/\/vagas.portalemprego.com.br\/index.php?rest_route=\/wp\/v2\/posts\/6654\/revisions"}],"wp:attachment":[{"href":"https:\/\/vagas.portalemprego.com.br\/index.php?rest_route=%2Fwp%2Fv2%2Fmedia&parent=6654"}],"wp:term":[{"taxonomy":"category","embeddable":true,"href":"https:\/\/vagas.portalemprego.com.br\/index.php?rest_route=%2Fwp%2Fv2%2Fcategories&post=6654"},{"taxonomy":"post_tag","embeddable":true,"href":"https:\/\/vagas.portalemprego.com.br\/index.php?rest_route=%2Fwp%2Fv2%2Ftags&post=6654"}],"curies":[{"name":"wp","href":"https:\/\/api.w.org\/{rel}","templated":true}]}}