{"id":6655,"date":"2026-04-29T06:10:10","date_gmt":"2026-04-29T09:10:10","guid":{"rendered":"https:\/\/vagas.portalemprego.com.br\/?p=6655"},"modified":"2026-04-29T06:10:10","modified_gmt":"2026-04-29T09:10:10","slug":"garcom-garconete-mane-recreio-alimentacao-gastronomia-rio-de-janeiro","status":"publish","type":"post","link":"https:\/\/vagas.portalemprego.com.br\/?p=6655","title":{"rendered":"Gar\u00e7om | Gar\u00e7onete &#8211; Man\u00e9  Recreio &#8211; Alimenta\u00e7\u00e3o \/ Gastronomia &#8211; Rio de Janeiro"},"content":{"rendered":"<p>A T\u00e1tico Talentos est\u00e1 em busca de profissionais para atuar como Gar\u00e7om| Gar\u00e7onete  na equipe do Man\u00e9 Recreio!  Esta \u00e9 uma excelente oportunidade para profissionais que desejam crescer e fazer parte de um ambiente din\u00e2mico e inovador.<\/p>\n<p>Sobre a empresa:<br \/>\nO Man\u00e9 \u00e9 uma das marcas do Grupo Impettus, reconhecida por sua proposta gastron\u00f4mica descontra\u00edda e sofisticada. O restaurante combina tradi\u00e7\u00e3o e modernidade, oferecendo um ambiente acolhedor e um card\u00e1pio cuidadosamente elaborado, que valoriza ingredientes de qualidade e sabores aut\u00eanticos. Com um atendimento diferenciado e uma experi\u00eancia \u00fanica, o Man\u00e9 se destaca como um destino ideal para quem busca boa comida e momentos memor\u00e1veis.<\/p>\n<p>Atividades  Gar\u00e7om| Gar\u00e7onete:<br \/>\n&#8211; Atender os clientes de forma cordial e eficiente;<br \/>\n&#8211; Anotar pedidos e repass\u00e1-los \u00e0 equipe de cozinha;<br \/>\n&#8211; Servir alimentos e bebidas conforme o padr\u00e3o de qualidade da loja;<br \/>\n&#8211; Garantir a organiza\u00e7\u00e3o e limpeza do sal\u00e3o e das mesas<br \/>\n &#8211; Verificar a satisfa\u00e7\u00e3o dos clientes e oferecer suporte adicional, se necess\u00e1rio.<\/p>\n<p>Requisitos:<br \/>\n&#8211; Experi\u00eancia pr\u00e9via na fun\u00e7\u00e3o ou em fun\u00e7\u00f5es relacionadas ao atendimento ao cliente;<br \/>\n&#8211; Boa comunica\u00e7\u00e3o;<br \/>\n&#8211; Disponibilidade para trabalhar em hor\u00e1rios variados, incluindo finais de semana e feriados.<br \/>\n&#8211; Ter f\u00e1cil acesso ao local. <\/p>\n<p>Sobre a vaga:<br \/>\n&#8211; Contrata\u00e7\u00e3o: CLT<br \/>\n&#8211; Remunera\u00e7\u00e3o: R$ 2.300,00 a R$ 2.500,00 (fixo R$ 1.552,70 + comiss\u00e3o semanal);<br \/>\n&#8211; VT;<br \/>\n&#8211; Alimenta\u00e7\u00e3o no local;<br \/>\n&#8211; Turno: TARDE (16:00 \u00e0s 00:30)<br \/>\n&#8211; Escala 6&#215;1;<br \/>\n&#8211; Muita oportunidade de crescimento! <\/p>\n<p>Se voc\u00ea quer fazer parte de uma equipe comprometida e em crescimento, envie o seu curr\u00edculo para n\u00f3s.<\/p>\n<ul>\n<li>N\u00famero de vagas: 3<\/li>\n<li>Local de trabalho: Rio de Janeiro, RJ<\/li>\n<li>Regime de contrata\u00e7\u00e3o de tipo: Efetivo \u2013 CLT<\/li>\n<li>Jornada: Per\u00edodo Integral<\/li>\n<li>\u00c1rea e especializa\u00e7\u00e3o profissional: Alimenta\u00e7\u00e3o \/ Gastronomia &#8211; Atendente \/ Recep\u00e7\u00e3o \/ Gar\u00e7om<\/li>\n<li>N\u00edvel hier\u00e1rquico: Operacional<\/li>\n<\/ul>\n<p>VALORIZADO<\/p>\n<p>Tempo de experi\u00eancia: Entre 1 e 3 anos<\/p>\n<p>Escolaridade M\u00ednima: Ensino M\u00e9dio (2\u00ba Grau)<\/p>\n","protected":false},"excerpt":{"rendered":"<p>A T\u00e1tico Talentos est\u00e1 em busca de profissionais para atuar como Gar\u00e7om| Gar\u00e7onete na equipe do Man\u00e9 Recreio! Esta \u00e9 uma excelente oportunidade para profissionais que desejam crescer e fazer parte de um ambiente din\u00e2mico e inovador. Sobre a empresa: O Man\u00e9 \u00e9 uma das marcas do Grupo Impettus, reconhecida por sua proposta gastron\u00f4mica descontra\u00edda [&hellip;]<\/p>\n","protected":false},"author":1,"featured_media":0,"comment_status":"open","ping_status":"open","sticky":false,"template":"","format":"standard","meta":{"footnotes":""},"categories":[21],"tags":[],"class_list":["post-6655","post","type-post","status-publish","format-standard","hentry","category-rio-de-janeiro-rj"],"_links":{"self":[{"href":"https:\/\/vagas.portalemprego.com.br\/index.php?rest_route=\/wp\/v2\/posts\/6655","targetHints":{"allow":["GET"]}}],"collection":[{"href":"https:\/\/vagas.portalemprego.com.br\/index.php?rest_route=\/wp\/v2\/posts"}],"about":[{"href":"https:\/\/vagas.portalemprego.com.br\/index.php?rest_route=\/wp\/v2\/types\/post"}],"author":[{"embeddable":true,"href":"https:\/\/vagas.portalemprego.com.br\/index.php?rest_route=\/wp\/v2\/users\/1"}],"replies":[{"embeddable":true,"href":"https:\/\/vagas.portalemprego.com.br\/index.php?rest_route=%2Fwp%2Fv2%2Fcomments&post=6655"}],"version-history":[{"count":0,"href":"https:\/\/vagas.portalemprego.com.br\/index.php?rest_route=\/wp\/v2\/posts\/6655\/revisions"}],"wp:attachment":[{"href":"https:\/\/vagas.portalemprego.com.br\/index.php?rest_route=%2Fwp%2Fv2%2Fmedia&parent=6655"}],"wp:term":[{"taxonomy":"category","embeddable":true,"href":"https:\/\/vagas.portalemprego.com.br\/index.php?rest_route=%2Fwp%2Fv2%2Fcategories&post=6655"},{"taxonomy":"post_tag","embeddable":true,"href":"https:\/\/vagas.portalemprego.com.br\/index.php?rest_route=%2Fwp%2Fv2%2Ftags&post=6655"}],"curies":[{"name":"wp","href":"https:\/\/api.w.org\/{rel}","templated":true}]}}