{"id":6656,"date":"2026-04-29T06:11:11","date_gmt":"2026-04-29T09:11:11","guid":{"rendered":"https:\/\/vagas.portalemprego.com.br\/?p=6656"},"modified":"2026-04-29T06:11:11","modified_gmt":"2026-04-29T09:11:11","slug":"auxiliar-de-loja-e-caixa-tito-organicos-e-asa-alimentacao-gastronomia-rio-de-janeiro","status":"publish","type":"post","link":"https:\/\/vagas.portalemprego.com.br\/?p=6656","title":{"rendered":"Auxiliar de Loja  e Caixa &#8211; Tito Org\u00e2nicos e ASA &#8211; Alimenta\u00e7\u00e3o \/ Gastronomia &#8211; Rio de Janeiro"},"content":{"rendered":"<p>A T\u00e1tico Talentos est\u00e1 buscando de profissionais para desempenhar a fun\u00e7\u00e3o de Auxiliar de Loja e Caixa no TITO ORG\u00c2NICOS &#8211; Unidades G\u00c1VEA e LARANJEIRAS. <\/p>\n<p>Sobre a empresa:<br \/>\nO Tito Org\u00e2nicos  \u00e9 uma loja especializada em alimentos org\u00e2nicos e produtos naturais.  A loja oferece uma variedade de frutas, legumes, verduras frescas, al\u00e9m de gr\u00e3os, cereais, e outros produtos aliment\u00edcios voltados para uma alimenta\u00e7\u00e3o saud\u00e1vel. Conhecida por priorizar produtos livres de agrot\u00f3xicos e com responsabilidade socioambiental, a Tito Org\u00e2nicos busca atender consumidores que valorizam sustentabilidade e bem-estar, promovendo uma alimenta\u00e7\u00e3o mais saud\u00e1vel e consciente.<\/p>\n<p>RESPONSABILIDADES:<br \/>\n&#8211; Receber, conferir e armazenar mercadorias;<br \/>\n&#8211; Abastecer as prateleiras e displays da loja;<br \/>\n&#8211; Oferecer suporte ao cliente: atendimento, vendas e esclarecimento de d\u00favidas;<br \/>\n&#8211; Auxiliar no fechamento de caixa;<br \/>\n&#8211; Manter a loja limpa e organizada;<br \/>\n&#8211; Organizar o estoque;<br \/>\n&#8211; Apoiar no controle de entrada e sa\u00edda de produtos e na realiza\u00e7\u00e3o de invent\u00e1rios peri\u00f3dicos.<\/p>\n<p>SOBRE A VAGA:<br \/>\n&#8211; Escala 6&#215;1<br \/>\n&#8211; Turnos: Dia e Noite<br \/>\n&#8211; Importante ter disponibilidade Total<br \/>\n&#8211; Contrata\u00e7\u00e3o CLT<br \/>\n&#8211; Sal\u00e1rio: R$ 1.680,00<br \/>\n&#8211; VT<br \/>\n&#8211; Plano de Sa\u00fade (opcional)<br \/>\n&#8211; Muita oportunidade de crescimento (rede em expans\u00e3o)<\/p>\n<p>Se identificou? Se candidata aqui conosco ou compartilha com seus amigos(as)!<\/p>\n<ul>\n<li>Local de trabalho: Rio de Janeiro, RJ<\/li>\n<li>Regime de contrata\u00e7\u00e3o de tipo: Efetivo \u2013 CLT<\/li>\n<li>Jornada: Per\u00edodo Integral<\/li>\n<li>\u00c1rea e especializa\u00e7\u00e3o profissional: Alimenta\u00e7\u00e3o \/ Gastronomia &#8211; Atendente \/ Recep\u00e7\u00e3o \/ Gar\u00e7om<\/li>\n<li>N\u00edvel hier\u00e1rquico: Operacional<\/li>\n<\/ul>\n<p>VALORIZADO<\/p>\n<p>Tempo de experi\u00eancia: Menos de 1 ano<\/p>\n<p>HABILIDADES<\/p>\n<ul>\n<li>Opera\u00e7\u00e3o de Caixa<\/li>\n<li>Abertura de Caixa<\/li>\n<li>Fechamento de Caixa<\/li>\n<li>Atendimento<\/li>\n<\/ul>\n<p>Escolaridade M\u00ednima: Ensino M\u00e9dio (2\u00ba Grau)<\/p>\n<ul>\n<li>plano de sa\u00fade<\/li>\n<li>oportunidade de crescimento<\/li>\n<li>clima colaborativo<\/li>\n<li>vale transporte<\/li>\n<li>clima amig\u00e1vel<\/li>\n<\/ul>\n","protected":false},"excerpt":{"rendered":"<p>A T\u00e1tico Talentos est\u00e1 buscando de profissionais para desempenhar a fun\u00e7\u00e3o de Auxiliar de Loja e Caixa no TITO ORG\u00c2NICOS &#8211; Unidades G\u00c1VEA e LARANJEIRAS. Sobre a empresa: O Tito Org\u00e2nicos \u00e9 uma loja especializada em alimentos org\u00e2nicos e produtos naturais. A loja oferece uma variedade de frutas, legumes, verduras frescas, al\u00e9m de gr\u00e3os, cereais, [&hellip;]<\/p>\n","protected":false},"author":1,"featured_media":0,"comment_status":"open","ping_status":"open","sticky":false,"template":"","format":"standard","meta":{"footnotes":""},"categories":[21],"tags":[],"class_list":["post-6656","post","type-post","status-publish","format-standard","hentry","category-rio-de-janeiro-rj"],"_links":{"self":[{"href":"https:\/\/vagas.portalemprego.com.br\/index.php?rest_route=\/wp\/v2\/posts\/6656","targetHints":{"allow":["GET"]}}],"collection":[{"href":"https:\/\/vagas.portalemprego.com.br\/index.php?rest_route=\/wp\/v2\/posts"}],"about":[{"href":"https:\/\/vagas.portalemprego.com.br\/index.php?rest_route=\/wp\/v2\/types\/post"}],"author":[{"embeddable":true,"href":"https:\/\/vagas.portalemprego.com.br\/index.php?rest_route=\/wp\/v2\/users\/1"}],"replies":[{"embeddable":true,"href":"https:\/\/vagas.portalemprego.com.br\/index.php?rest_route=%2Fwp%2Fv2%2Fcomments&post=6656"}],"version-history":[{"count":0,"href":"https:\/\/vagas.portalemprego.com.br\/index.php?rest_route=\/wp\/v2\/posts\/6656\/revisions"}],"wp:attachment":[{"href":"https:\/\/vagas.portalemprego.com.br\/index.php?rest_route=%2Fwp%2Fv2%2Fmedia&parent=6656"}],"wp:term":[{"taxonomy":"category","embeddable":true,"href":"https:\/\/vagas.portalemprego.com.br\/index.php?rest_route=%2Fwp%2Fv2%2Fcategories&post=6656"},{"taxonomy":"post_tag","embeddable":true,"href":"https:\/\/vagas.portalemprego.com.br\/index.php?rest_route=%2Fwp%2Fv2%2Ftags&post=6656"}],"curies":[{"name":"wp","href":"https:\/\/api.w.org\/{rel}","templated":true}]}}