{"id":6665,"date":"2026-04-29T06:11:11","date_gmt":"2026-04-29T09:11:11","guid":{"rendered":"https:\/\/vagas.portalemprego.com.br\/?p=6665"},"modified":"2026-04-29T06:11:11","modified_gmt":"2026-04-29T09:11:11","slug":"auxiliar-de-apoio-hospitalar-saude-rio-de-janeiro","status":"publish","type":"post","link":"https:\/\/vagas.portalemprego.com.br\/?p=6665","title":{"rendered":"Auxiliar de Apoio Hospitalar &#8211; Sa\u00fade &#8211; Rio de Janeiro"},"content":{"rendered":"<p>Contrata\u00e7\u00e3o tempor\u00e1ria de 90 dias com possibilidade de prorroga\u00e7\u00e3o do contrato.<\/p>\n<p>Empresa do segmento da sa\u00fade, com grande representatividade em seu mercado de atua\u00e7\u00e3o, contrata para atuar em um de seus Hospitais, localizado na regi\u00e3o da Tijuca.<\/p>\n<p>Atividades: \u2022 Auxiliar junto ao controlador de acesso na libera\u00e7\u00e3o dos fornecedores que chegam para os setores de CME, Almoxarifado e Nutri\u00e7\u00e3o \u2022 Atender telefone dos setores internos solicitando itens da hotelaria \u2022 Controlar espa\u00e7o com o guarda-volume dos colaboradores da unidade \u2022 Fazer triagem dos enxovais que chegam pela lavanderia \u2022 Entregar itens dos setores, quando solicitado a rouparia.<\/p>\n<p>Sal\u00e1rio: R$ \t1.576,39   + VT + Refei\u00e7\u00e3o no local. <\/p>\n<p>Hor\u00e1rios dispon\u00edveis: 12&#215;36 das 07h \u00e0s 19h. <\/p>\n<p>Requisitos:<br \/>\nEnsino m\u00e9dio completo;<br \/>\nVontade de aprender e se desenvolver.<br \/>\nF\u00e1cil acesso ao bairro da Tijuca.<\/p>\n<ul>\n<li>Local de trabalho: Rio de Janeiro, RJ<\/li>\n<li>Regime de contrata\u00e7\u00e3o de tipo: Tempor\u00e1rio<\/li>\n<li>Jornada: Per\u00edodo Integral<\/li>\n<li>\u00c1rea e especializa\u00e7\u00e3o profissional: Sa\u00fade &#8211; Outras Especialidades M\u00e9dicas<\/li>\n<li>N\u00edvel hier\u00e1rquico: Operacional<\/li>\n<\/ul>\n<p>VALORIZADO<\/p>\n<p>Tempo de experi\u00eancia: Sem experi\u00eancia<\/p>\n<p>HABILIDADES<\/p>\n<ul>\n<li>Dinamismo<\/li>\n<li>Comunica\u00e7\u00e3o<\/li>\n<li>Proatividade<\/li>\n<li>Relacionamento Interpessoal<\/li>\n<\/ul>\n<p>Escolaridade M\u00ednima: Ensino M\u00e9dio (2\u00ba Grau)<\/p>\n<ul>\n<li>VT<\/li>\n<li>Refei\u00e7\u00e3o no Local<\/li>\n<\/ul>\n<p>Sal\u00e1rio: 1576,39<\/p>\n","protected":false},"excerpt":{"rendered":"<p>Contrata\u00e7\u00e3o tempor\u00e1ria de 90 dias com possibilidade de prorroga\u00e7\u00e3o do contrato. Empresa do segmento da sa\u00fade, com grande representatividade em seu mercado de atua\u00e7\u00e3o, contrata para atuar em um de seus Hospitais, localizado na regi\u00e3o da Tijuca. Atividades: \u2022 Auxiliar junto ao controlador de acesso na libera\u00e7\u00e3o dos fornecedores que chegam para os setores de [&hellip;]<\/p>\n","protected":false},"author":1,"featured_media":0,"comment_status":"open","ping_status":"open","sticky":false,"template":"","format":"standard","meta":{"footnotes":""},"categories":[21],"tags":[],"class_list":["post-6665","post","type-post","status-publish","format-standard","hentry","category-rio-de-janeiro-rj"],"_links":{"self":[{"href":"https:\/\/vagas.portalemprego.com.br\/index.php?rest_route=\/wp\/v2\/posts\/6665","targetHints":{"allow":["GET"]}}],"collection":[{"href":"https:\/\/vagas.portalemprego.com.br\/index.php?rest_route=\/wp\/v2\/posts"}],"about":[{"href":"https:\/\/vagas.portalemprego.com.br\/index.php?rest_route=\/wp\/v2\/types\/post"}],"author":[{"embeddable":true,"href":"https:\/\/vagas.portalemprego.com.br\/index.php?rest_route=\/wp\/v2\/users\/1"}],"replies":[{"embeddable":true,"href":"https:\/\/vagas.portalemprego.com.br\/index.php?rest_route=%2Fwp%2Fv2%2Fcomments&post=6665"}],"version-history":[{"count":0,"href":"https:\/\/vagas.portalemprego.com.br\/index.php?rest_route=\/wp\/v2\/posts\/6665\/revisions"}],"wp:attachment":[{"href":"https:\/\/vagas.portalemprego.com.br\/index.php?rest_route=%2Fwp%2Fv2%2Fmedia&parent=6665"}],"wp:term":[{"taxonomy":"category","embeddable":true,"href":"https:\/\/vagas.portalemprego.com.br\/index.php?rest_route=%2Fwp%2Fv2%2Fcategories&post=6665"},{"taxonomy":"post_tag","embeddable":true,"href":"https:\/\/vagas.portalemprego.com.br\/index.php?rest_route=%2Fwp%2Fv2%2Ftags&post=6665"}],"curies":[{"name":"wp","href":"https:\/\/api.w.org\/{rel}","templated":true}]}}