{"id":6671,"date":"2026-04-29T06:11:11","date_gmt":"2026-04-29T09:11:11","guid":{"rendered":"https:\/\/vagas.portalemprego.com.br\/?p=6671"},"modified":"2026-04-29T06:11:11","modified_gmt":"2026-04-29T09:11:11","slug":"assistente-administrativo-administracao-rio-de-janeiro-16","status":"publish","type":"post","link":"https:\/\/vagas.portalemprego.com.br\/?p=6671","title":{"rendered":"Assistente Administrativo &#8211; Administra\u00e7\u00e3o &#8211; Rio de Janeiro"},"content":{"rendered":"<p>O Grupo SADA est\u00e1 em busca de um profissional din\u00e2mico e organizado para o cargo de Assistente Administrativo.<br \/>\nEsta posi\u00e7\u00e3o \u00e9 fundamental para o nosso time de seguros, onde voc\u00ea desempenhar\u00e1 um papel vital no suporte di\u00e1rio das opera\u00e7\u00f5es.<\/p>\n<p>Como Assistente Administrativo, voc\u00ea ser\u00e1 respons\u00e1vel por gerenciar e organizar documentos, arquivos e informa\u00e7\u00f5es importantes, garantindo a efici\u00eancia e a precis\u00e3o das atividades administrativas, atualiza\u00e7\u00e3o de planilhas, contato direto com os clientes, colaboradores internos e fornecedores como seguradoras.<br \/>\nAl\u00e9m disso, voc\u00ea apoiar\u00e1 na gest\u00e3o de agendas, organiza\u00e7\u00e3o de reuni\u00f5es e eventos, bem como na apoio de tarefas entre diferentes departamentos.<\/p>\n<p>Voc\u00ea deve ter uma excelente gest\u00e3o do tempo, capacidade de organiza\u00e7\u00e3o e aten\u00e7\u00e3o aos detalhes.<br \/>\nExperi\u00eancia em trabalho administrativo \u00e9 essencial, incluindo conhecimento em excel e sistemas.<\/p>\n<p>O candidato ideal deve ser comunicativo, com habilidades de resolu\u00e7\u00e3o de problemas e uma mentalidade orientada para resultados.<br \/>\nO ambiente de trabalho \u00e9 colaborativo e din\u00e2mico, onde a inova\u00e7\u00e3o e a adaptabilidade s\u00e3o valorizadas.<\/p>\n<p>Se voc\u00ea \u00e9 uma pessoa meticulosa, com uma forte \u00e9tica de trabalho e est\u00e1 buscando um ambiente onde possa contribuir para o crescimento da empresa, esta \u00e9 uma oportunidade perfeita para voc\u00ea.<br \/>\nJunte-se ao Grupo SADA e fa\u00e7a parte de uma equipe comprometida com a excel\u00eancia e o sucesso compartilhado.<\/p>\n<p>Apoiaremos seu desenvolvimento profissional e ofereceremos um ambiente de trabalho desafiador e gratificante.<br \/>\nVenha fazer parte de uma equipe que valoriza o trabalho em equipe e a inova\u00e7\u00e3o cont\u00ednua.<\/p>\n<p>Aplicar para esta posi\u00e7\u00e3o \u00e9 sua chance de contribuir para um dos l\u00edderes do setor e de crescer em um ambiente que valoriza o seu potencial.<\/p>\n<ul>\n<li>Local de trabalho: Rio de Janeiro, RJ<\/li>\n<li>Regime de contrata\u00e7\u00e3o de tipo: Efetivo \u2013 CLT<\/li>\n<li>Jornada: Per\u00edodo Integral<\/li>\n<li>\u00c1rea e especializa\u00e7\u00e3o profissional: Administra\u00e7\u00e3o &#8211; Administra\u00e7\u00e3o Geral<\/li>\n<li>N\u00edvel hier\u00e1rquico: Assistente<\/li>\n<\/ul>\n<p>Escolaridade M\u00ednima: Ensino M\u00e9dio (2\u00ba Grau)<\/p>\n<ul>\n<li>B\u00f4nus anual<\/li>\n<li>Vale refei\u00e7\u00e3o<\/li>\n<li>Aux\u00edlio academia<\/li>\n<li>Aux\u00edlio Terapia<\/li>\n<li>Vale transporte<\/li>\n<li>Vale alimenta\u00e7\u00e3o<\/li>\n<\/ul>\n<p>Sal\u00e1rio: 2120,0<\/p>\n","protected":false},"excerpt":{"rendered":"<p>O Grupo SADA est\u00e1 em busca de um profissional din\u00e2mico e organizado para o cargo de Assistente Administrativo. Esta posi\u00e7\u00e3o \u00e9 fundamental para o nosso time de seguros, onde voc\u00ea desempenhar\u00e1 um papel vital no suporte di\u00e1rio das opera\u00e7\u00f5es. Como Assistente Administrativo, voc\u00ea ser\u00e1 respons\u00e1vel por gerenciar e organizar documentos, arquivos e informa\u00e7\u00f5es importantes, garantindo [&hellip;]<\/p>\n","protected":false},"author":1,"featured_media":0,"comment_status":"open","ping_status":"open","sticky":false,"template":"","format":"standard","meta":{"footnotes":""},"categories":[21],"tags":[],"class_list":["post-6671","post","type-post","status-publish","format-standard","hentry","category-rio-de-janeiro-rj"],"_links":{"self":[{"href":"https:\/\/vagas.portalemprego.com.br\/index.php?rest_route=\/wp\/v2\/posts\/6671","targetHints":{"allow":["GET"]}}],"collection":[{"href":"https:\/\/vagas.portalemprego.com.br\/index.php?rest_route=\/wp\/v2\/posts"}],"about":[{"href":"https:\/\/vagas.portalemprego.com.br\/index.php?rest_route=\/wp\/v2\/types\/post"}],"author":[{"embeddable":true,"href":"https:\/\/vagas.portalemprego.com.br\/index.php?rest_route=\/wp\/v2\/users\/1"}],"replies":[{"embeddable":true,"href":"https:\/\/vagas.portalemprego.com.br\/index.php?rest_route=%2Fwp%2Fv2%2Fcomments&post=6671"}],"version-history":[{"count":0,"href":"https:\/\/vagas.portalemprego.com.br\/index.php?rest_route=\/wp\/v2\/posts\/6671\/revisions"}],"wp:attachment":[{"href":"https:\/\/vagas.portalemprego.com.br\/index.php?rest_route=%2Fwp%2Fv2%2Fmedia&parent=6671"}],"wp:term":[{"taxonomy":"category","embeddable":true,"href":"https:\/\/vagas.portalemprego.com.br\/index.php?rest_route=%2Fwp%2Fv2%2Fcategories&post=6671"},{"taxonomy":"post_tag","embeddable":true,"href":"https:\/\/vagas.portalemprego.com.br\/index.php?rest_route=%2Fwp%2Fv2%2Ftags&post=6671"}],"curies":[{"name":"wp","href":"https:\/\/api.w.org\/{rel}","templated":true}]}}