{"id":6673,"date":"2026-04-29T06:11:11","date_gmt":"2026-04-29T09:11:11","guid":{"rendered":"https:\/\/vagas.portalemprego.com.br\/?p=6673"},"modified":"2026-04-29T06:11:11","modified_gmt":"2026-04-29T09:11:11","slug":"designer-grafico-pleno-niteroi-rj-marketing-niteroi","status":"publish","type":"post","link":"https:\/\/vagas.portalemprego.com.br\/?p=6673","title":{"rendered":"Designer Gr\u00e1fico Pleno  &#8211; NITER\u00d3I &#8211; RJ &#8211; Marketing &#8211; Niter\u00f3i"},"content":{"rendered":"<p>Somos uma institui\u00e7\u00e3o de ensino dedicada a formar futuros reformadores da f\u00e9 e da sociedade. Inspirados pelos valores da Reforma Protestante, trabalhamos para oferecer uma educa\u00e7\u00e3o de excel\u00eancia, baseada em uma s\u00f3lida forma\u00e7\u00e3o \u00e9tica, acad\u00eamica e moral.<\/p>\n<p>Buscamos um Designer Gr\u00e1fico Pleno organizado e com sensibilidade est\u00e9tica para desenvolver materiais que transmitam a identidade visual da nossa institui\u00e7\u00e3o crist\u00e3. Voc\u00ea ir\u00e1 apoiar campanhas institucionais, promocionais e eventos crist\u00e3os, adaptando a comunica\u00e7\u00e3o visual para diferentes p\u00fablicos e canais.<\/p>\n<p>Principais Responsabilidades:<br \/>\n&#8211; Cria\u00e7\u00e3o de materiais gr\u00e1ficos institucionais e promocionais crist\u00e3os (folders, banners, posts para redes sociais, e-mails marketing, apresenta\u00e7\u00f5es, etc.);<br \/>\n&#8211; Desenvolvimento de pe\u00e7as para campanhas internas, externas e eventos;<br \/>\n&#8211; Adapta\u00e7\u00e3o de artes para diferentes formatos (digital e impresso);<br \/>\n&#8211; Cria\u00e7\u00e3o de layouts para sites, e-commerce e plataformas de comunica\u00e7\u00e3o;<br \/>\n&#8211; Apoio na manuten\u00e7\u00e3o e fortalecimento da identidade visual da marca;<br \/>\n&#8211; Tratamento de imagens e produ\u00e7\u00e3o de conte\u00fado visual conforme briefing;<br \/>\n&#8211; Interface com \u00e1reas de marketing, comercial, comunica\u00e7\u00e3o e eventos para alinhamento de demandas.<\/p>\n<p>Requisitos:<br \/>\n&#8211; Dom\u00ednio avan\u00e7ado de Adobe Photoshop;<br \/>\n&#8211; Dom\u00ednio de Canva para produ\u00e7\u00e3o r\u00e1pida de materiais digitais;<br \/>\n&#8211; Conhecimento intermedi\u00e1rio\/avan\u00e7ado em Illustrator e InDesign;<br \/>\n&#8211; Habilidade em cria\u00e7\u00e3o para m\u00eddias digitais e impressos;<br \/>\n&#8211; Organiza\u00e7\u00e3o para lidar com m\u00faltiplos projetos e cumprimento de prazos.<\/p>\n<p>Diferenciais:<br \/>\n&#8211; Experi\u00eancia com comunica\u00e7\u00e3o visual para igrejas, institui\u00e7\u00f5es crist\u00e3s ou projetos religiosos;<br \/>\n&#8211; Conhecimentos b\u00e1sicos em edi\u00e7\u00e3o de v\u00eddeos (Premiere ou similar) para conte\u00fados simples em redes sociais.<\/p>\n<p>Pacote de Remunera\u00e7\u00e3o:<\/p>\n<p>&#8211; Plano de Sa\u00fade 100% pago pela empresa (SulAm\u00e9rica Cl\u00e1ssica Vital);<br \/>\n&#8211; Vale Alimenta\u00e7\u00e3o: R$ 300,00\/m\u00eas (ap\u00f3s 3 meses);<br \/>\n&#8211; Bolsa de estudos integral para filhos em escolas parceiras (ap\u00f3s 6 meses, conforme disponibilidade de vagas).<\/p>\n<p>&#8211; Modalidade: Presencial<br \/>\n&#8211; Localidade: Niter\u00f3i &#8211; RJ<\/p>\n<ul>\n<li>Local de trabalho: Niter\u00f3i, RJ<\/li>\n<li>Regime de contrata\u00e7\u00e3o de tipo: Efetivo \u2013 CLT<\/li>\n<li>Jornada: Per\u00edodo Integral<\/li>\n<li>\u00c1rea e especializa\u00e7\u00e3o profissional: Marketing &#8211; Marketing<\/li>\n<li>N\u00edvel hier\u00e1rquico: Analista<\/li>\n<\/ul>\n<p>Escolaridade M\u00ednima: Ensino Superior<\/p>\n","protected":false},"excerpt":{"rendered":"<p>Somos uma institui\u00e7\u00e3o de ensino dedicada a formar futuros reformadores da f\u00e9 e da sociedade. Inspirados pelos valores da Reforma Protestante, trabalhamos para oferecer uma educa\u00e7\u00e3o de excel\u00eancia, baseada em uma s\u00f3lida forma\u00e7\u00e3o \u00e9tica, acad\u00eamica e moral. Buscamos um Designer Gr\u00e1fico Pleno organizado e com sensibilidade est\u00e9tica para desenvolver materiais que transmitam a identidade visual [&hellip;]<\/p>\n","protected":false},"author":1,"featured_media":0,"comment_status":"open","ping_status":"open","sticky":false,"template":"","format":"standard","meta":{"footnotes":""},"categories":[21],"tags":[],"class_list":["post-6673","post","type-post","status-publish","format-standard","hentry","category-rio-de-janeiro-rj"],"_links":{"self":[{"href":"https:\/\/vagas.portalemprego.com.br\/index.php?rest_route=\/wp\/v2\/posts\/6673","targetHints":{"allow":["GET"]}}],"collection":[{"href":"https:\/\/vagas.portalemprego.com.br\/index.php?rest_route=\/wp\/v2\/posts"}],"about":[{"href":"https:\/\/vagas.portalemprego.com.br\/index.php?rest_route=\/wp\/v2\/types\/post"}],"author":[{"embeddable":true,"href":"https:\/\/vagas.portalemprego.com.br\/index.php?rest_route=\/wp\/v2\/users\/1"}],"replies":[{"embeddable":true,"href":"https:\/\/vagas.portalemprego.com.br\/index.php?rest_route=%2Fwp%2Fv2%2Fcomments&post=6673"}],"version-history":[{"count":0,"href":"https:\/\/vagas.portalemprego.com.br\/index.php?rest_route=\/wp\/v2\/posts\/6673\/revisions"}],"wp:attachment":[{"href":"https:\/\/vagas.portalemprego.com.br\/index.php?rest_route=%2Fwp%2Fv2%2Fmedia&parent=6673"}],"wp:term":[{"taxonomy":"category","embeddable":true,"href":"https:\/\/vagas.portalemprego.com.br\/index.php?rest_route=%2Fwp%2Fv2%2Fcategories&post=6673"},{"taxonomy":"post_tag","embeddable":true,"href":"https:\/\/vagas.portalemprego.com.br\/index.php?rest_route=%2Fwp%2Fv2%2Ftags&post=6673"}],"curies":[{"name":"wp","href":"https:\/\/api.w.org\/{rel}","templated":true}]}}