{"id":6680,"date":"2026-04-29T06:12:12","date_gmt":"2026-04-29T09:12:12","guid":{"rendered":"https:\/\/vagas.portalemprego.com.br\/?p=6680"},"modified":"2026-04-29T06:12:12","modified_gmt":"2026-04-29T09:12:12","slug":"gerente-de-marketing-com-foco-em-ia-marketing-niteroi","status":"publish","type":"post","link":"https:\/\/vagas.portalemprego.com.br\/?p=6680","title":{"rendered":"Gerente de Marketing (com foco em IA) &#8211; Marketing &#8211; Niter\u00f3i"},"content":{"rendered":"<p>Estamos em busca de um(a) Gerente de Marketing ousado(a), criativo(a) e com esp\u00edrito inovador, para liderar estrat\u00e9gias e campanhas que possua forte conhecimento de Intelig\u00eancia Artificial.<br \/>\nSe voc\u00ea \u00e9 apaixonado por inova\u00e7\u00e3o, conhece ferramentas de IA voltadas para marketing e j\u00e1 colocou campanhas criativas no ar, essa vaga pode ser sua!<\/p>\n<p>Responsabilidades:<\/p>\n<p>Gest\u00e3o de campanhas de lan\u00e7amento<br \/>\nGest\u00e3o da identidade visual da empresa (tapumes, outdoors, placas, etc.)<br \/>\nGest\u00e3o de a\u00e7\u00f5es de sustentabilidade<br \/>\nDom\u00ednio de ferramentas de IA aplicadas ao marketing<br \/>\nGest\u00e3o das redes sociais da empresa<br \/>\nCuradoria de fotos institucionais<br \/>\nInterface com terceirizadas, ag\u00eancias e fornecedores<br \/>\nGest\u00e3o direta de um assistente <\/p>\n<p>Requisitos:<\/p>\n<p>Experi\u00eancia pr\u00e9via com campanhas publicit\u00e1rias e estrat\u00e9gias de marketing<br \/>\nDom\u00ednio de ferramentas de IA voltadas para marketing<br \/>\nPortf\u00f3lio com cases de campanhas j\u00e1 realizadas<br \/>\nExperi\u00eancia em empresas com perfil inovador (ex.: startups, mobilidade el\u00e9trica, tecnologia, etc.)<br \/>\nPerfil propositivo, corajoso e criativo, com autonomia para decis\u00f5es<br \/>\nDesej\u00e1vel residir em Niter\u00f3i \u2013 o trabalho \u00e9 100% presencial com visitas a estandes e presen\u00e7a no escrit\u00f3rio<br \/>\nConhecimento em produ\u00e7\u00e3o e gest\u00e3o de identidade visual<\/p>\n<p>Benef\u00edcios:<\/p>\n<p>Vale Alimenta\u00e7\u00e3o: R$ 32\/dia<br \/>\nVale Transporte<br \/>\nPlano de sa\u00fade com coparticipa\u00e7\u00e3o<br \/>\nPretens\u00e3o salarial<\/p>\n<p>Local: Presencial \u2013 Niter\u00f3i\/RJ<br \/>\nModelo de contrata\u00e7\u00e3o: PJ<\/p>\n<ul>\n<li>Local de trabalho: Niter\u00f3i, RJ<\/li>\n<li>Regime de contrata\u00e7\u00e3o de tipo: Prestador de Servi\u00e7os (PJ)<\/li>\n<li>Jornada: Per\u00edodo Integral<\/li>\n<li>\u00c1rea e especializa\u00e7\u00e3o profissional: Marketing &#8211; Intelig\u00eancia de Mercado \/ Estrat\u00e9gia<\/li>\n<li>N\u00edvel hier\u00e1rquico: Gerente<\/li>\n<\/ul>\n<p>VALORIZADO<\/p>\n<p>Tempo de experi\u00eancia: Entre 1 e 3 anos<\/p>\n<p>Escolaridade M\u00ednima: P\u00f3s-gradua\u00e7\u00e3o &#8211; Especializa\u00e7\u00e3o\/MBA<\/p>\n","protected":false},"excerpt":{"rendered":"<p>Estamos em busca de um(a) Gerente de Marketing ousado(a), criativo(a) e com esp\u00edrito inovador, para liderar estrat\u00e9gias e campanhas que possua forte conhecimento de Intelig\u00eancia Artificial. Se voc\u00ea \u00e9 apaixonado por inova\u00e7\u00e3o, conhece ferramentas de IA voltadas para marketing e j\u00e1 colocou campanhas criativas no ar, essa vaga pode ser sua! Responsabilidades: Gest\u00e3o de campanhas [&hellip;]<\/p>\n","protected":false},"author":1,"featured_media":0,"comment_status":"open","ping_status":"open","sticky":false,"template":"","format":"standard","meta":{"footnotes":""},"categories":[21],"tags":[],"class_list":["post-6680","post","type-post","status-publish","format-standard","hentry","category-rio-de-janeiro-rj"],"_links":{"self":[{"href":"https:\/\/vagas.portalemprego.com.br\/index.php?rest_route=\/wp\/v2\/posts\/6680","targetHints":{"allow":["GET"]}}],"collection":[{"href":"https:\/\/vagas.portalemprego.com.br\/index.php?rest_route=\/wp\/v2\/posts"}],"about":[{"href":"https:\/\/vagas.portalemprego.com.br\/index.php?rest_route=\/wp\/v2\/types\/post"}],"author":[{"embeddable":true,"href":"https:\/\/vagas.portalemprego.com.br\/index.php?rest_route=\/wp\/v2\/users\/1"}],"replies":[{"embeddable":true,"href":"https:\/\/vagas.portalemprego.com.br\/index.php?rest_route=%2Fwp%2Fv2%2Fcomments&post=6680"}],"version-history":[{"count":0,"href":"https:\/\/vagas.portalemprego.com.br\/index.php?rest_route=\/wp\/v2\/posts\/6680\/revisions"}],"wp:attachment":[{"href":"https:\/\/vagas.portalemprego.com.br\/index.php?rest_route=%2Fwp%2Fv2%2Fmedia&parent=6680"}],"wp:term":[{"taxonomy":"category","embeddable":true,"href":"https:\/\/vagas.portalemprego.com.br\/index.php?rest_route=%2Fwp%2Fv2%2Fcategories&post=6680"},{"taxonomy":"post_tag","embeddable":true,"href":"https:\/\/vagas.portalemprego.com.br\/index.php?rest_route=%2Fwp%2Fv2%2Ftags&post=6680"}],"curies":[{"name":"wp","href":"https:\/\/api.w.org\/{rel}","templated":true}]}}