{"id":6697,"date":"2026-04-29T06:13:13","date_gmt":"2026-04-29T09:13:13","guid":{"rendered":"https:\/\/vagas.portalemprego.com.br\/?p=6697"},"modified":"2026-04-29T06:13:13","modified_gmt":"2026-04-29T09:13:13","slug":"oficial-de-manutencao-construcao-manutencao-petropolis-2","status":"publish","type":"post","link":"https:\/\/vagas.portalemprego.com.br\/?p=6697","title":{"rendered":"Oficial de Manuten\u00e7\u00e3o &#8211; Constru\u00e7\u00e3o, Manuten\u00e7\u00e3o &#8211; Petr\u00f3polis"},"content":{"rendered":"<p>ATRIBUI\u00c7\u00d5ES PRINCIPAIS <\/p>\n<p>Executar servi\u00e7os de manuten\u00e7\u00e3o corretiva e preventiva em redes de baixa tens\u00e3o, fazendo a distribui\u00e7\u00e3o, montagem das tubula\u00e7\u00f5es el\u00e9tricas no sistema de som, telefonia, alarmes, quadro de circuitos el\u00e9tricos entre outros.<\/p>\n<p>Acompanhar as distribui\u00e7\u00f5es das tubula\u00e7\u00f5es el\u00e9tricas, atrav\u00e9s de especifica\u00e7\u00f5es t\u00e9cnicas e croquis para a execu\u00e7\u00e3o segura dos servi\u00e7os solicitados.<\/p>\n<p>Realizar consertos de campainhas, tomadas, interruptores, trocas de fios e outras provid\u00eancias consideradas necess\u00e1rias.<\/p>\n<p>Fazer com urg\u00eancia as trocas de l\u00e2mpadas solicitadas pelos setores.<\/p>\n<p>Dar assist\u00eancia rotineira a qualquer tipo de equipamento el\u00e9trico, verificando frequentemente, as partes consideradas estrat\u00e9gicas para o seu funcionamento.<\/p>\n<p>Manter em ordem o local de trabalho, zelando pelas ferramentas e materiais indispens\u00e1veis ao cumprimento do servi\u00e7o.<\/p>\n<p>Verificar e determinar em conjunto com a supervis\u00e3o, o material e as quantidades adequadas para a execu\u00e7\u00e3o dos servi\u00e7os e solicitando reposi\u00e7\u00e3o ao almoxarifado.<\/p>\n<p>Manter limpo e organizado o setor de Trabalho.<\/p>\n<p>Zelar pela seguran\u00e7a no trabalho e o uso de E.P.I.s.<\/p>\n<ul>\n<li>Local de trabalho: Petr\u00f3polis, RJ<\/li>\n<li>Regime de contrata\u00e7\u00e3o de tipo: Efetivo \u2013 CLT<\/li>\n<li>Jornada: Per\u00edodo Integral<\/li>\n<li>\u00c1rea e especializa\u00e7\u00e3o profissional: Constru\u00e7\u00e3o, Manuten\u00e7\u00e3o &#8211; Manuten\u00e7\u00e3o em Geral<\/li>\n<li>N\u00edvel hier\u00e1rquico: Operacional<\/li>\n<\/ul>\n<p>VALORIZADO<\/p>\n<p>Tempo de experi\u00eancia: Entre 1 e 3 anos<\/p>\n<p>HABILIDADES<\/p>\n<ul>\n<li>Curso de Manuten\u00e7\u00e3o Hidr\u00e1ulica<\/li>\n<\/ul>\n<p>Escolaridade M\u00ednima: Ensino M\u00e9dio (2\u00ba Grau)<\/p>\n<ul>\n<li>Conv\u00eanio com SESC<\/li>\n<li>Seguro de Vida<\/li>\n<li>Vale Alimenta\u00e7\u00e3o<\/li>\n<li>Gympass<\/li>\n<li>Assist\u00eancia m\u00e9dica<\/li>\n<li>Refei\u00e7\u00e3o no local<\/li>\n<li>Conv\u00eanio com Farm\u00e1cia<\/li>\n<li>Assist\u00eancia odontol\u00f3gica<\/li>\n<\/ul>\n","protected":false},"excerpt":{"rendered":"<p>ATRIBUI\u00c7\u00d5ES PRINCIPAIS Executar servi\u00e7os de manuten\u00e7\u00e3o corretiva e preventiva em redes de baixa tens\u00e3o, fazendo a distribui\u00e7\u00e3o, montagem das tubula\u00e7\u00f5es el\u00e9tricas no sistema de som, telefonia, alarmes, quadro de circuitos el\u00e9tricos entre outros. Acompanhar as distribui\u00e7\u00f5es das tubula\u00e7\u00f5es el\u00e9tricas, atrav\u00e9s de especifica\u00e7\u00f5es t\u00e9cnicas e croquis para a execu\u00e7\u00e3o segura dos servi\u00e7os solicitados. Realizar consertos de [&hellip;]<\/p>\n","protected":false},"author":1,"featured_media":0,"comment_status":"open","ping_status":"open","sticky":false,"template":"","format":"standard","meta":{"footnotes":""},"categories":[21],"tags":[],"class_list":["post-6697","post","type-post","status-publish","format-standard","hentry","category-rio-de-janeiro-rj"],"_links":{"self":[{"href":"https:\/\/vagas.portalemprego.com.br\/index.php?rest_route=\/wp\/v2\/posts\/6697","targetHints":{"allow":["GET"]}}],"collection":[{"href":"https:\/\/vagas.portalemprego.com.br\/index.php?rest_route=\/wp\/v2\/posts"}],"about":[{"href":"https:\/\/vagas.portalemprego.com.br\/index.php?rest_route=\/wp\/v2\/types\/post"}],"author":[{"embeddable":true,"href":"https:\/\/vagas.portalemprego.com.br\/index.php?rest_route=\/wp\/v2\/users\/1"}],"replies":[{"embeddable":true,"href":"https:\/\/vagas.portalemprego.com.br\/index.php?rest_route=%2Fwp%2Fv2%2Fcomments&post=6697"}],"version-history":[{"count":0,"href":"https:\/\/vagas.portalemprego.com.br\/index.php?rest_route=\/wp\/v2\/posts\/6697\/revisions"}],"wp:attachment":[{"href":"https:\/\/vagas.portalemprego.com.br\/index.php?rest_route=%2Fwp%2Fv2%2Fmedia&parent=6697"}],"wp:term":[{"taxonomy":"category","embeddable":true,"href":"https:\/\/vagas.portalemprego.com.br\/index.php?rest_route=%2Fwp%2Fv2%2Fcategories&post=6697"},{"taxonomy":"post_tag","embeddable":true,"href":"https:\/\/vagas.portalemprego.com.br\/index.php?rest_route=%2Fwp%2Fv2%2Ftags&post=6697"}],"curies":[{"name":"wp","href":"https:\/\/api.w.org\/{rel}","templated":true}]}}