{"id":6698,"date":"2026-04-29T06:13:13","date_gmt":"2026-04-29T09:13:13","guid":{"rendered":"https:\/\/vagas.portalemprego.com.br\/?p=6698"},"modified":"2026-04-29T06:13:13","modified_gmt":"2026-04-29T09:13:13","slug":"consultora-comercial-barra-da-tijuca-comercial-vendas-rio-de-janeiro","status":"publish","type":"post","link":"https:\/\/vagas.portalemprego.com.br\/?p=6698","title":{"rendered":"Consultora Comercial Barra da Tijuca &#8211; Comercial, Vendas &#8211; Rio de Janeiro"},"content":{"rendered":"<p>Publica\u00e7\u00e3o para a vaga: Consultora Comercial &#8211; Segmento Est\u00e9tica Avan\u00e7ada e Harmoniza\u00e7\u00e3o Facial.<br \/>\n Voc\u00ea ama vendas e se sente motivado por resultados? Ama o universo da beleza e quer crescer em uma \u00e1rea promissora? Ent\u00e3o, essa oportunidade \u00e9 para voc\u00ea!<\/p>\n<p>Estamos em busca de uma Consultora Comercial para integrar nosso time!<br \/>\nLocal de trabalho: Pr\u00f3ximo a Down Town &#8211;  Av. Afonso Arinos de Melo Franco, 222 &#8211; Barra da Tijuca, Rio de Janeiro &#8211; RJ, 22631-455<br \/>\nModelo de trabalho: H\u00edbrido (3&#215;2 ) 3 dias home office e 2 dias presencial.<\/p>\n<p>Suas responsabilidades ser\u00e3o:<br \/>\nResponder e converter leads em agendamentos.<br \/>\nFocar na convers\u00e3o de pacientes, garantindo uma experi\u00eancia de encantamento.<br \/>\nAcompanhar e nutrir leads usando ferramentas e t\u00e9cnicas espec\u00edficas.<br \/>\nAtualizar relat\u00f3rios e CRM regularmente para registrar o progresso.<\/p>\n<p>O que buscamos em voc\u00ea:<br \/>\nExperi\u00eancia na \u00e1rea comercial, preferencialmente com vendas de alto padr\u00e3o.<br \/>\nPerfil ambicioso, focado em resultados e apaixonado por crescimento financeiro.<br \/>\nExcel\u00eancia em negocia\u00e7\u00e3o, quebra de obje\u00e7\u00f5es e comunica\u00e7\u00e3o clara.<br \/>\nPostura profissional, com habilidade para encantar clientes e gerar confian\u00e7a.<br \/>\nAfinidade com ferramentas tecnol\u00f3gicas e CRM \u00e9 um diferencial!<\/p>\n<p>O que oferecemos:<br \/>\nFixo: R$ 2.100,00 + B\u00f4nus por agendamentos<br \/>\nModelo contrata\u00e7\u00e3o: PJ<\/p>\n<p>Sobre a empresa:<br \/>\nCl\u00ednica Jordana Andrade &#8211; Harmoniza\u00e7\u00e3o Facial na Barra da Tijuca<\/p>\n<ul>\n<li>Local de trabalho: Rio de Janeiro, RJ<\/li>\n<li>Regime de contrata\u00e7\u00e3o de tipo: Prestador de Servi\u00e7os (PJ)<\/li>\n<li>Jornada: Per\u00edodo Integral<\/li>\n<li>\u00c1rea e especializa\u00e7\u00e3o profissional: Comercial, Vendas &#8211; Atendimento<\/li>\n<li>N\u00edvel hier\u00e1rquico: Consultor<\/li>\n<\/ul>\n<p>VALORIZADO<\/p>\n<p>Tempo de experi\u00eancia: Menos de 1 ano<\/p>\n<p>HABILIDADES<\/p>\n<ul>\n<li>Microsoft Excel<\/li>\n<li>CRM<\/li>\n<\/ul>\n<p>Escolaridade M\u00ednima: Ensino Superior<\/p>\n<ul>\n<li>Comiss\u00e3o<\/li>\n<\/ul>\n<p>Sal\u00e1rio: 2100,0<\/p>\n","protected":false},"excerpt":{"rendered":"<p>Publica\u00e7\u00e3o para a vaga: Consultora Comercial &#8211; Segmento Est\u00e9tica Avan\u00e7ada e Harmoniza\u00e7\u00e3o Facial. Voc\u00ea ama vendas e se sente motivado por resultados? Ama o universo da beleza e quer crescer em uma \u00e1rea promissora? Ent\u00e3o, essa oportunidade \u00e9 para voc\u00ea! Estamos em busca de uma Consultora Comercial para integrar nosso time! Local de trabalho: Pr\u00f3ximo [&hellip;]<\/p>\n","protected":false},"author":1,"featured_media":0,"comment_status":"open","ping_status":"open","sticky":false,"template":"","format":"standard","meta":{"footnotes":""},"categories":[21],"tags":[],"class_list":["post-6698","post","type-post","status-publish","format-standard","hentry","category-rio-de-janeiro-rj"],"_links":{"self":[{"href":"https:\/\/vagas.portalemprego.com.br\/index.php?rest_route=\/wp\/v2\/posts\/6698","targetHints":{"allow":["GET"]}}],"collection":[{"href":"https:\/\/vagas.portalemprego.com.br\/index.php?rest_route=\/wp\/v2\/posts"}],"about":[{"href":"https:\/\/vagas.portalemprego.com.br\/index.php?rest_route=\/wp\/v2\/types\/post"}],"author":[{"embeddable":true,"href":"https:\/\/vagas.portalemprego.com.br\/index.php?rest_route=\/wp\/v2\/users\/1"}],"replies":[{"embeddable":true,"href":"https:\/\/vagas.portalemprego.com.br\/index.php?rest_route=%2Fwp%2Fv2%2Fcomments&post=6698"}],"version-history":[{"count":0,"href":"https:\/\/vagas.portalemprego.com.br\/index.php?rest_route=\/wp\/v2\/posts\/6698\/revisions"}],"wp:attachment":[{"href":"https:\/\/vagas.portalemprego.com.br\/index.php?rest_route=%2Fwp%2Fv2%2Fmedia&parent=6698"}],"wp:term":[{"taxonomy":"category","embeddable":true,"href":"https:\/\/vagas.portalemprego.com.br\/index.php?rest_route=%2Fwp%2Fv2%2Fcategories&post=6698"},{"taxonomy":"post_tag","embeddable":true,"href":"https:\/\/vagas.portalemprego.com.br\/index.php?rest_route=%2Fwp%2Fv2%2Ftags&post=6698"}],"curies":[{"name":"wp","href":"https:\/\/api.w.org\/{rel}","templated":true}]}}