{"id":6701,"date":"2026-04-29T06:13:13","date_gmt":"2026-04-29T09:13:13","guid":{"rendered":"https:\/\/vagas.portalemprego.com.br\/?p=6701"},"modified":"2026-04-29T06:13:13","modified_gmt":"2026-04-29T09:13:13","slug":"analista-de-comunicacao-interna-comunicacao-tv-cinema-rio-de-janeiro","status":"publish","type":"post","link":"https:\/\/vagas.portalemprego.com.br\/?p=6701","title":{"rendered":"Analista de Comunica\u00e7\u00e3o Interna &#8211; Comunica\u00e7\u00e3o, TV, Cinema &#8211; Rio de Janeiro"},"content":{"rendered":"<p>Luandre em parceria com empresa de mais de 70 anos de mercado atuante no segmento hospitalar com foco em tecnologia rob\u00f3tica contrata Analista de Comunica\u00e7\u00e3o Interna para exercer as seguintes atividades:<\/p>\n<p>Apoiar na cria\u00e7\u00e3o de conte\u00fado para canais internos de comunica\u00e7\u00e3o,<br \/>\nAjudar na elabora\u00e7\u00e3o e execu\u00e7\u00e3o de campanhas de engajamento e bem-estar dos colaboradores.<br \/>\nAuxiliar na organiza\u00e7\u00e3o e produ\u00e7\u00e3o de eventos e a\u00e7\u00f5es internas.<br \/>\nContribuir na cria\u00e7\u00e3o de materiais visuais e audiovisuais para as campanhas de comunica\u00e7\u00e3o interna.<br \/>\nEditar v\u00eddeos institucionais e conte\u00fados para os canais de comunica\u00e7\u00e3o interna.<br \/>\nManter atualizados os canais de comunica\u00e7\u00e3o interna, garantindo informa\u00e7\u00f5es relevantes e claras.<br \/>\nMonitorar a efic\u00e1cia das estrat\u00e9gias de comunica\u00e7\u00e3o e elaborar relat\u00f3rios sobre os resultados.<br \/>\nApoiar na gest\u00e3o de projetos internos .<\/p>\n<p>Se voc\u00ea tem os requisitos abaixo, mande seu curr\u00edculo pra gente:<\/p>\n<p>Forma\u00e7\u00e3o Superior em Jornalismo, Publicidade, Comunica\u00e7\u00e3o Social, Design Gr\u00e1fico, ou \u00e1reas afins;<br \/>\nExperi\u00eancia pr\u00e1tica em programas de edi\u00e7\u00e3o de v\u00eddeo (como Adobe Premiere);<br \/>\nConhecimento em ferramentas de design gr\u00e1fico (como Adobe Photoshop, Illustrator e Canva);<br \/>\nDisponibilidade para viagens.<\/p>\n<p>Desej\u00e1veis:<br \/>\nExperi\u00eancia pr\u00e9via em comunica\u00e7\u00e3o interna ou \u00e1reas relacionadas (est\u00e1gio ou trabalhos volunt\u00e1rios);<br \/>\nExperi\u00eancia na produ\u00e7\u00e3o de conte\u00fado audiovisual voltado para o p\u00fablico interno;<br \/>\nConhecimento em ferramentas de gest\u00e3o de projetos e comunica\u00e7\u00e3o corporativa;<\/p>\n<p>Estamos te esperando!<\/p>\n<ul>\n<li>Local de trabalho: Rio de Janeiro, RJ<\/li>\n<li>Regime de contrata\u00e7\u00e3o de tipo: Tempor\u00e1rio<\/li>\n<li>Jornada: Per\u00edodo Integral<\/li>\n<li>\u00c1rea e especializa\u00e7\u00e3o profissional: Comunica\u00e7\u00e3o, TV, Cinema &#8211; Comunica\u00e7\u00e3o Interna<\/li>\n<li>N\u00edvel hier\u00e1rquico: Analista<\/li>\n<\/ul>\n<p>VALORIZADO<\/p>\n<p>Tempo de experi\u00eancia: Entre 1 e 3 anos<\/p>\n<p>Escolaridade M\u00ednima: Ensino Superior<\/p>\n<p>Disponibilidade para viajar<\/p>\n<ul>\n<li>Vale-refei\u00e7\u00e3o<\/li>\n<li>Vale-transporte<\/li>\n<li>Assist\u00eancia m\u00e9dica<\/li>\n<li>Seguro de Vida<\/li>\n<\/ul>\n<p>Sal\u00e1rio: 3461,0<\/p>\n","protected":false},"excerpt":{"rendered":"<p>Luandre em parceria com empresa de mais de 70 anos de mercado atuante no segmento hospitalar com foco em tecnologia rob\u00f3tica contrata Analista de Comunica\u00e7\u00e3o Interna para exercer as seguintes atividades: Apoiar na cria\u00e7\u00e3o de conte\u00fado para canais internos de comunica\u00e7\u00e3o, Ajudar na elabora\u00e7\u00e3o e execu\u00e7\u00e3o de campanhas de engajamento e bem-estar dos colaboradores. Auxiliar [&hellip;]<\/p>\n","protected":false},"author":1,"featured_media":0,"comment_status":"open","ping_status":"open","sticky":false,"template":"","format":"standard","meta":{"footnotes":""},"categories":[21],"tags":[],"class_list":["post-6701","post","type-post","status-publish","format-standard","hentry","category-rio-de-janeiro-rj"],"_links":{"self":[{"href":"https:\/\/vagas.portalemprego.com.br\/index.php?rest_route=\/wp\/v2\/posts\/6701","targetHints":{"allow":["GET"]}}],"collection":[{"href":"https:\/\/vagas.portalemprego.com.br\/index.php?rest_route=\/wp\/v2\/posts"}],"about":[{"href":"https:\/\/vagas.portalemprego.com.br\/index.php?rest_route=\/wp\/v2\/types\/post"}],"author":[{"embeddable":true,"href":"https:\/\/vagas.portalemprego.com.br\/index.php?rest_route=\/wp\/v2\/users\/1"}],"replies":[{"embeddable":true,"href":"https:\/\/vagas.portalemprego.com.br\/index.php?rest_route=%2Fwp%2Fv2%2Fcomments&post=6701"}],"version-history":[{"count":0,"href":"https:\/\/vagas.portalemprego.com.br\/index.php?rest_route=\/wp\/v2\/posts\/6701\/revisions"}],"wp:attachment":[{"href":"https:\/\/vagas.portalemprego.com.br\/index.php?rest_route=%2Fwp%2Fv2%2Fmedia&parent=6701"}],"wp:term":[{"taxonomy":"category","embeddable":true,"href":"https:\/\/vagas.portalemprego.com.br\/index.php?rest_route=%2Fwp%2Fv2%2Fcategories&post=6701"},{"taxonomy":"post_tag","embeddable":true,"href":"https:\/\/vagas.portalemprego.com.br\/index.php?rest_route=%2Fwp%2Fv2%2Ftags&post=6701"}],"curies":[{"name":"wp","href":"https:\/\/api.w.org\/{rel}","templated":true}]}}