{"id":6709,"date":"2026-04-29T06:13:13","date_gmt":"2026-04-29T09:13:13","guid":{"rendered":"https:\/\/vagas.portalemprego.com.br\/?p=6709"},"modified":"2026-04-29T06:13:13","modified_gmt":"2026-04-29T09:13:13","slug":"assistente-contabil-pcd-contabil-financas-economia-rio-de-janeiro","status":"publish","type":"post","link":"https:\/\/vagas.portalemprego.com.br\/?p=6709","title":{"rendered":"Assistente Cont\u00e1bil PCD &#8211; Cont\u00e1bil, Finan\u00e7as, Economia &#8211; Rio de Janeiro"},"content":{"rendered":"<p>Imagine um local que sabe valorizar seus talentos, com um time que joga junto, respeita quem voc\u00ea \u00e9 e est\u00e1 sempre em busca da melhor qualidade no que faz.<br \/>\nEssa \u00e9 a DPC! <\/p>\n<p>Se voc\u00ea \u00e9 PCD e quer fazer parte de um organiza\u00e7\u00e3o s\u00f3lida e que preza pela inclus\u00e3o social, inscreva-se! <\/p>\n<p>Atividades:<br \/>\n&#8211; Analise e classifica\u00e7\u00e3o cont\u00e1bil;<br \/>\n&#8211; Apura\u00e7\u00e3o PIS e COFINS, IRPJ e CSLL;<br \/>\n&#8211; Apura\u00e7\u00e3o lucro real e presumido;<br \/>\n&#8211; Elabora\u00e7\u00e3o de demonstra\u00e7\u00f5es financeiras;<br \/>\n&#8211; Elabora\u00e7\u00e3o das obriga\u00e7\u00f5es acess\u00f3rias: EFD contribui\u00e7\u00f5es, ECF, ECD, EFD REINF. <\/p>\n<p>Requisitos:<br \/>\n&#8211; Gradua\u00e7\u00e3o cursando ou completa em Ci\u00eancias Cont\u00e1beis;<br \/>\n&#8211; Em caso de gradua\u00e7\u00e3o completa, possuir o CRC ativo;<br \/>\n&#8211; Experi\u00eancia anterior nas atividades descritas;<br \/>\n&#8211; Excel Intermedi\u00e1rio.<br \/>\n&#8211; Laudo m\u00e9dico com CID 10. <\/p>\n<p>Desej\u00e1vel (Diferencial):<br \/>\n&#8211; Obriga\u00e7\u00f5es acess\u00f3rias diversas, tais como: SPED Cont\u00e1bil (ECD), ECF, DIRF, EFD CONTRIBUI\u00c7\u00d5ES;<br \/>\n&#8211; Experi\u00eancia com Lucro Real. <\/p>\n<p>Benef\u00edcios:<br \/>\n\u2022 Vale Transporte<br \/>\n\u2022 Vale Refei\u00e7\u00e3o\/Alimenta\u00e7\u00e3o: R$ 33,50 por dia \u00fatil trabalhado.<br \/>\n\u2022 Plano de Sa\u00fade: Sem mensalidade para o colaborador (Extensivo a dependentes, conforme pol\u00edticas internas).<br \/>\n\u2022 Plano Odontol\u00f3gico: Opcional (Extensivo a dependentes, conforme pol\u00edticas internas).<br \/>\n\u2022 Seguro de Vida: Zero custo para o colaborador.<br \/>\n\u2022 StarBem: Apoio psicol\u00f3gico online. Zero custo para o colaborador.<br \/>\n\u2022 Programas de sa\u00fade e bem estar.<br \/>\n\u2022 Descontos em Farm\u00e1cias: Atrav\u00e9s do plano de sa\u00fade.<br \/>\n\u2022 TotalPass: Descontos em atividades f\u00edsicas em diversas academias.<br \/>\n\u2022 Incentivo ao Esporte: Participa\u00e7\u00e3o em circuito de corridas de rua.<br \/>\n\u2022 SESC: Tarifas diferenciadas em hospedagem, col\u00f4nias de f\u00e9rias, atividades f\u00edsicas, servi\u00e7os odontol\u00f3gicos e programa\u00e7\u00f5es culturais.<br \/>\n\u2022 Programa Mam\u00e3e DPC: Aten\u00e7\u00e3o especial \u00e0s colaboradoras gestante + Sala exclusiva para lactantes.<br \/>\n\u2022 Aux\u00edlio Creche<br \/>\n\u2022 Participa\u00e7\u00e3o nos Lucros e Rendimentos: Distribu\u00eddo anualmente.<br \/>\n\u2022 A\u00e7\u00f5es motivacionais de clima e engajamento.<br \/>\n\u2022 Aniversariante do M\u00eas.<br \/>\n\u2022 Programa de Forma\u00e7\u00e3o: Treinamentos t\u00e9cnicos e comportamentais.<br \/>\n\u2022 Programa de Mentoria: Acompanhamento e desenvolvimento interno para profissionais com grande potencial para se tornarem futuros l\u00edderes, proporcionando treinamentos, suporte organizacional, mentorias e projetos desafiadores.<br \/>\n\u2022 Parcerias de Descontos: Universidades, Curso de idiomas e Lazer.<br \/>\n\u2022 Modelo H\u00edbrido: Dois dias de Home Office <\/p>\n<p>Remunera\u00e7\u00e3o: Pretens\u00e3o Salarial.<br \/>\nLocal de Trabalho: Cinel\u00e2ndia &#8211; Centro\/RJ.<\/p>\n<ul>\n<li>Local de trabalho: Rio de Janeiro, RJ<\/li>\n<li>Regime de contrata\u00e7\u00e3o de tipo: Efetivo \u2013 CLT<\/li>\n<li>Jornada: Per\u00edodo Integral<\/li>\n<li>\u00c1rea e especializa\u00e7\u00e3o profissional: Cont\u00e1bil, Finan\u00e7as, Economia &#8211; Contabilidade<\/li>\n<li>N\u00edvel hier\u00e1rquico: Assistente<\/li>\n<\/ul>\n<p>Escolaridade M\u00ednima: Ensino Superior<\/p>\n<ul>\n<li>PROGRAMA DE FORMA\u00c7\u00c3O<\/li>\n<li>ASSIST\u00caNCIA M\u00c9DICA<\/li>\n<li>GYMPASS<\/li>\n<li>AUX\u00cdLIO CRECHE<\/li>\n<li>INCENTIVO AO ESPORTE<\/li>\n<li>TELEMEDICINA<\/li>\n<li>SEGURO DE VIDA<\/li>\n<li>VALE-TRANSPORTE<\/li>\n<li>PARCERIAS DE DESCONTOS<\/li>\n<li>PROGRAMA DE MENTORIA<\/li>\n<li>ASSIST\u00caNCIA ODONTOL\u00d3GICA<\/li>\n<li>ANIVERSARIANTE DO M\u00caS<\/li>\n<li>A\u00c7\u00d5ES MOTIVACIOAIS DE CLIMA E ENGAJAMENTO<\/li>\n<li>PARTICIPA\u00c7\u00c3O NOS LUCROS<\/li>\n<li>MODELO H\u00cdBRIDO<\/li>\n<li>PROGRAMA MAM\u00c3E DPC<\/li>\n<li>SESC<\/li>\n<li>PROGRAMA DE SA\u00daDE, BEM-ESTAR E QUALIDADE DE VIDA<\/li>\n<li>VALE REFEI\u00c7\u00c3O\/ALIMENTA\u00c7\u00c3O<\/li>\n<\/ul>\n","protected":false},"excerpt":{"rendered":"<p>Imagine um local que sabe valorizar seus talentos, com um time que joga junto, respeita quem voc\u00ea \u00e9 e est\u00e1 sempre em busca da melhor qualidade no que faz. Essa \u00e9 a DPC! Se voc\u00ea \u00e9 PCD e quer fazer parte de um organiza\u00e7\u00e3o s\u00f3lida e que preza pela inclus\u00e3o social, inscreva-se! Atividades: &#8211; Analise [&hellip;]<\/p>\n","protected":false},"author":1,"featured_media":0,"comment_status":"open","ping_status":"open","sticky":false,"template":"","format":"standard","meta":{"footnotes":""},"categories":[21],"tags":[],"class_list":["post-6709","post","type-post","status-publish","format-standard","hentry","category-rio-de-janeiro-rj"],"_links":{"self":[{"href":"https:\/\/vagas.portalemprego.com.br\/index.php?rest_route=\/wp\/v2\/posts\/6709","targetHints":{"allow":["GET"]}}],"collection":[{"href":"https:\/\/vagas.portalemprego.com.br\/index.php?rest_route=\/wp\/v2\/posts"}],"about":[{"href":"https:\/\/vagas.portalemprego.com.br\/index.php?rest_route=\/wp\/v2\/types\/post"}],"author":[{"embeddable":true,"href":"https:\/\/vagas.portalemprego.com.br\/index.php?rest_route=\/wp\/v2\/users\/1"}],"replies":[{"embeddable":true,"href":"https:\/\/vagas.portalemprego.com.br\/index.php?rest_route=%2Fwp%2Fv2%2Fcomments&post=6709"}],"version-history":[{"count":0,"href":"https:\/\/vagas.portalemprego.com.br\/index.php?rest_route=\/wp\/v2\/posts\/6709\/revisions"}],"wp:attachment":[{"href":"https:\/\/vagas.portalemprego.com.br\/index.php?rest_route=%2Fwp%2Fv2%2Fmedia&parent=6709"}],"wp:term":[{"taxonomy":"category","embeddable":true,"href":"https:\/\/vagas.portalemprego.com.br\/index.php?rest_route=%2Fwp%2Fv2%2Fcategories&post=6709"},{"taxonomy":"post_tag","embeddable":true,"href":"https:\/\/vagas.portalemprego.com.br\/index.php?rest_route=%2Fwp%2Fv2%2Ftags&post=6709"}],"curies":[{"name":"wp","href":"https:\/\/api.w.org\/{rel}","templated":true}]}}