{"id":6710,"date":"2026-04-29T06:13:13","date_gmt":"2026-04-29T09:13:13","guid":{"rendered":"https:\/\/vagas.portalemprego.com.br\/?p=6710"},"modified":"2026-04-29T06:13:13","modified_gmt":"2026-04-29T09:13:13","slug":"assistente-de-pre-vendas-sdr-clt-vila-kosmos-comercial-vendas-rio-de-janeiro","status":"publish","type":"post","link":"https:\/\/vagas.portalemprego.com.br\/?p=6710","title":{"rendered":"ASSISTENTE DE PR\u00c9 VENDAS &#8211; SDR (CLT) &#8211; VILA KOSMOS &#8211; Comercial, Vendas &#8211; Rio de Janeiro"},"content":{"rendered":"<p>Voc\u00ea tem paix\u00e3o por se conectar com pessoas, vis\u00e3o estrat\u00e9gica e vontade de crescer? Ent\u00e3o essa \u00e9 a sua chance de fazer parte de uma equipe que transforma oportunidades em grandes resultados!<br \/>\nTrata-se de uma empresa que acredita no poder da inova\u00e7\u00e3o com prop\u00f3sito, atuando com solu\u00e7\u00f5es sustent\u00e1veis e inteligentes, sempre guiada pela excel\u00eancia e pelo impacto positivo em tudo o que faz.<br \/>\nA empresa est\u00e1 em busca de profissionais da \u00e1rea comercial com perfil comunicativo, estrat\u00e9gico e orientado a resultados. Confira os pr\u00e9-requisitos e candidate-se!<\/p>\n<p>Requisitos:<\/p>\n<p>Morar em Vila Kosmos ou adjac\u00eancias<br \/>\nSegundo grau completo<br \/>\nConhecimento b\u00e1sico no Pacote Office (Excel e Word, principalmente)<br \/>\nN\u00edvel avan\u00e7ado em m\u00eddias sociais<br \/>\nExperi\u00eancia com vendas ativas, prospec\u00e7\u00e3o ou atendimento ao cliente<br \/>\nExperi\u00eancia anterior na fun\u00e7\u00e3o<br \/>\nViv\u00eancia com CRM (Pipedrive, RD Station ou similares)<br \/>\nConhecimento b\u00e1sico de funil de vendas<br \/>\nFacilidade para lidar com metas e m\u00e9tricas comerciais<br \/>\nBoa comunica\u00e7\u00e3o verbal e escrita<br \/>\nOrganiza\u00e7\u00e3o, resili\u00eancia<br \/>\nDesej\u00e1vel viv\u00eancia com servi\u00e7os de pragas e limpeza<\/p>\n<p>Atribui\u00e7\u00f5es:<\/p>\n<p>Realizar prospec\u00e7\u00e3o ativa de novos clientes<br \/>\nQualificar leads<br \/>\nAgendar reuni\u00f5es para o time de vendas<br \/>\nDentre outras atividades pertinentes ao cargo.<\/p>\n<p>Regime de contrata\u00e7\u00e3o: CLT<\/p>\n<p>Jornada de trabalho: 44h semanais<\/p>\n<p>Tags: venda interna, representante comercial, vendas, area comercial, clt, SDR<\/p>\n<ul>\n<li>Local de trabalho: Rio de Janeiro, RJ<\/li>\n<li>Regime de contrata\u00e7\u00e3o de tipo: Efetivo \u2013 CLT<\/li>\n<li>Jornada: Per\u00edodo Integral<\/li>\n<li>\u00c1rea e especializa\u00e7\u00e3o profissional: Comercial, Vendas &#8211; Venda Interna<\/li>\n<li>N\u00edvel hier\u00e1rquico: Operacional<\/li>\n<\/ul>\n<p>VALORIZADO<\/p>\n<p>Tempo de experi\u00eancia: Entre 1 e 3 anos<\/p>\n<p>HABILIDADES<\/p>\n<ul>\n<li>CAPACIDADE DE TRABALHAR EM EQUIPE<\/li>\n<li>Microsoft Excel<\/li>\n<li>Microsoft Word<\/li>\n<li>BOA COMUNICA\u00c7\u00c3O VERBAL E ESCRITA<\/li>\n<\/ul>\n<p>Escolaridade M\u00ednima: Ensino M\u00e9dio (2\u00ba Grau)<\/p>\n<ul>\n<li>VALE TRANSPORTE<\/li>\n<li>VALE REFEI\u00c7\u00c3O<\/li>\n<li>OPORTUNIDADE DE CRESCIMENTO E DESENVOLVIMENTO INTERNO<\/li>\n<li>COMISS\u00d3ES<\/li>\n<li>SAL\u00c1RIO FIXO COMPAT\u00cdVEL COM O MERCADO<\/li>\n<\/ul>\n","protected":false},"excerpt":{"rendered":"<p>Voc\u00ea tem paix\u00e3o por se conectar com pessoas, vis\u00e3o estrat\u00e9gica e vontade de crescer? Ent\u00e3o essa \u00e9 a sua chance de fazer parte de uma equipe que transforma oportunidades em grandes resultados! Trata-se de uma empresa que acredita no poder da inova\u00e7\u00e3o com prop\u00f3sito, atuando com solu\u00e7\u00f5es sustent\u00e1veis e inteligentes, sempre guiada pela excel\u00eancia e [&hellip;]<\/p>\n","protected":false},"author":1,"featured_media":0,"comment_status":"open","ping_status":"open","sticky":false,"template":"","format":"standard","meta":{"footnotes":""},"categories":[21],"tags":[],"class_list":["post-6710","post","type-post","status-publish","format-standard","hentry","category-rio-de-janeiro-rj"],"_links":{"self":[{"href":"https:\/\/vagas.portalemprego.com.br\/index.php?rest_route=\/wp\/v2\/posts\/6710","targetHints":{"allow":["GET"]}}],"collection":[{"href":"https:\/\/vagas.portalemprego.com.br\/index.php?rest_route=\/wp\/v2\/posts"}],"about":[{"href":"https:\/\/vagas.portalemprego.com.br\/index.php?rest_route=\/wp\/v2\/types\/post"}],"author":[{"embeddable":true,"href":"https:\/\/vagas.portalemprego.com.br\/index.php?rest_route=\/wp\/v2\/users\/1"}],"replies":[{"embeddable":true,"href":"https:\/\/vagas.portalemprego.com.br\/index.php?rest_route=%2Fwp%2Fv2%2Fcomments&post=6710"}],"version-history":[{"count":0,"href":"https:\/\/vagas.portalemprego.com.br\/index.php?rest_route=\/wp\/v2\/posts\/6710\/revisions"}],"wp:attachment":[{"href":"https:\/\/vagas.portalemprego.com.br\/index.php?rest_route=%2Fwp%2Fv2%2Fmedia&parent=6710"}],"wp:term":[{"taxonomy":"category","embeddable":true,"href":"https:\/\/vagas.portalemprego.com.br\/index.php?rest_route=%2Fwp%2Fv2%2Fcategories&post=6710"},{"taxonomy":"post_tag","embeddable":true,"href":"https:\/\/vagas.portalemprego.com.br\/index.php?rest_route=%2Fwp%2Fv2%2Ftags&post=6710"}],"curies":[{"name":"wp","href":"https:\/\/api.w.org\/{rel}","templated":true}]}}