{"id":6711,"date":"2026-04-29T06:13:13","date_gmt":"2026-04-29T09:13:13","guid":{"rendered":"https:\/\/vagas.portalemprego.com.br\/?p=6711"},"modified":"2026-04-29T06:13:13","modified_gmt":"2026-04-29T09:13:13","slug":"auxiliar-administrativo-vila-kosmos-administracao-rio-de-janeiro","status":"publish","type":"post","link":"https:\/\/vagas.portalemprego.com.br\/?p=6711","title":{"rendered":"AUXILIAR ADMINISTRATIVO &#8211; VILA KOSMOS &#8211; Administra\u00e7\u00e3o &#8211; Rio de Janeiro"},"content":{"rendered":"<p>Empresa comprometida com a entrega de solu\u00e7\u00f5es inovadoras e sustent\u00e1veis. Mais do que produtos ou servi\u00e7os de excel\u00eancia, o foco dela est\u00e1 em gerar impacto positivo, com base em valores como \u00e9tica, inova\u00e7\u00e3o, respeito e colabora\u00e7\u00e3o.<br \/>\nNo setor administrativo, cada detalhe conta e o profissional dessa \u00e1rea \u00e9 essencial para manter tudo funcionando com efici\u00eancia e excel\u00eancia. Por isso, a empresa procura algu\u00e9m proativo(a), organizado(a), comprometido(a) e que tenha vontade de crescer junto com o time.<br \/>\nEssa pode ser a sua chance! Confira os pr\u00e9-requisitos e candidate-se!<\/p>\n<p>Requisitos:<br \/>\nMorar em Vila Kosmos ou adjac\u00eancias<br \/>\nEnsino m\u00e9dio completo (desej\u00e1vel t\u00e9cnico ou superior em \u00e1reas administrativas)<br \/>\nConhecimento intermedi\u00e1rio no Pacote Office (Word, Excel)<br \/>\nFacilidade com sistemas e navega\u00e7\u00e3o na internet<br \/>\nBoa capacidade verbal e escrita<br \/>\nCapacidade de trabalhar em equipe<br \/>\nexperi\u00eancia na fun\u00e7\u00e3o<\/p>\n<p>Atribui\u00e7\u00f5es:<br \/>\nAtendimento telef\u00f4nico, ao p\u00fablico e fornecedores<br \/>\nOrganiza\u00e7\u00e3o e arquivamento de documentos<br \/>\nControle de agenda<br \/>\nAuxilio nas rotinas administrativas e financeiras<br \/>\nControle de correspond\u00eancias e materiais de escrit\u00f3rio.<br \/>\nSuporte geral aos diferentes departamentos da empresa.<br \/>\nDentre outras atividades pertinentes ao cargo.<\/p>\n<p>Jornada de trabalho: 44h semanais<\/p>\n<ul>\n<li>Local de trabalho: Rio de Janeiro, RJ<\/li>\n<li>Regime de contrata\u00e7\u00e3o de tipo: Efetivo \u2013 CLT<\/li>\n<li>Jornada: Per\u00edodo Integral<\/li>\n<li>\u00c1rea e especializa\u00e7\u00e3o profissional: Administra\u00e7\u00e3o &#8211; Administra\u00e7\u00e3o Geral<\/li>\n<li>N\u00edvel hier\u00e1rquico: Auxiliar<\/li>\n<\/ul>\n<p>VALORIZADO<\/p>\n<p>Tempo de experi\u00eancia: Entre 1 e 3 anos<\/p>\n<p>HABILIDADES<\/p>\n<ul>\n<li>BOA COMUNICA\u00c7\u00c3O VERBAL E ESCRITA<\/li>\n<li>CAPACIDADE DE TRABALHAR EM EQUIPE<\/li>\n<li>Microsoft Excel<\/li>\n<li>Microsoft Word<\/li>\n<\/ul>\n<p>Escolaridade M\u00ednima: Ensino M\u00e9dio (2\u00ba Grau)<\/p>\n<ul>\n<li>VALE TRANSPORTE<\/li>\n<li>VALE REFEI\u00c7\u00c3O<\/li>\n<li>OPORTUNIDADE DE CRESCIMENTO E DESENVOLVIMENTO INTERNO<\/li>\n<\/ul>\n","protected":false},"excerpt":{"rendered":"<p>Empresa comprometida com a entrega de solu\u00e7\u00f5es inovadoras e sustent\u00e1veis. Mais do que produtos ou servi\u00e7os de excel\u00eancia, o foco dela est\u00e1 em gerar impacto positivo, com base em valores como \u00e9tica, inova\u00e7\u00e3o, respeito e colabora\u00e7\u00e3o. No setor administrativo, cada detalhe conta e o profissional dessa \u00e1rea \u00e9 essencial para manter tudo funcionando com efici\u00eancia [&hellip;]<\/p>\n","protected":false},"author":1,"featured_media":0,"comment_status":"open","ping_status":"open","sticky":false,"template":"","format":"standard","meta":{"footnotes":""},"categories":[21],"tags":[],"class_list":["post-6711","post","type-post","status-publish","format-standard","hentry","category-rio-de-janeiro-rj"],"_links":{"self":[{"href":"https:\/\/vagas.portalemprego.com.br\/index.php?rest_route=\/wp\/v2\/posts\/6711","targetHints":{"allow":["GET"]}}],"collection":[{"href":"https:\/\/vagas.portalemprego.com.br\/index.php?rest_route=\/wp\/v2\/posts"}],"about":[{"href":"https:\/\/vagas.portalemprego.com.br\/index.php?rest_route=\/wp\/v2\/types\/post"}],"author":[{"embeddable":true,"href":"https:\/\/vagas.portalemprego.com.br\/index.php?rest_route=\/wp\/v2\/users\/1"}],"replies":[{"embeddable":true,"href":"https:\/\/vagas.portalemprego.com.br\/index.php?rest_route=%2Fwp%2Fv2%2Fcomments&post=6711"}],"version-history":[{"count":0,"href":"https:\/\/vagas.portalemprego.com.br\/index.php?rest_route=\/wp\/v2\/posts\/6711\/revisions"}],"wp:attachment":[{"href":"https:\/\/vagas.portalemprego.com.br\/index.php?rest_route=%2Fwp%2Fv2%2Fmedia&parent=6711"}],"wp:term":[{"taxonomy":"category","embeddable":true,"href":"https:\/\/vagas.portalemprego.com.br\/index.php?rest_route=%2Fwp%2Fv2%2Fcategories&post=6711"},{"taxonomy":"post_tag","embeddable":true,"href":"https:\/\/vagas.portalemprego.com.br\/index.php?rest_route=%2Fwp%2Fv2%2Ftags&post=6711"}],"curies":[{"name":"wp","href":"https:\/\/api.w.org\/{rel}","templated":true}]}}