{"id":6716,"date":"2026-04-29T06:14:14","date_gmt":"2026-04-29T09:14:14","guid":{"rendered":"https:\/\/vagas.portalemprego.com.br\/?p=6716"},"modified":"2026-04-29T06:14:14","modified_gmt":"2026-04-29T09:14:14","slug":"vendedor-externo-niteroi-comercial-vendas-niteroi","status":"publish","type":"post","link":"https:\/\/vagas.portalemprego.com.br\/?p=6716","title":{"rendered":"Vendedor Externo Niter\u00f3i &#8211; Comercial, Vendas &#8211; Niter\u00f3i"},"content":{"rendered":"<p>Junte-se a n\u00f3s! #VemSerVerisure #VerisureVagas<br \/>\nVoc\u00ea j\u00e1 pensou em trabalhar em uma empresa que promove a diversidade e equidade em todas as suas oportunidades?<br \/>\n\u00a0<br \/>\nNa Verisure priorizamos a inclus\u00e3o independente de sexo, ra\u00e7a, orienta\u00e7\u00e3o sexual, religi\u00e3o, nacionalidade, idade, defici\u00eancia etc.<br \/>\n\u00a0<br \/>\nSomos apaixonados pelo que fazemos, nosso ambiente de trabalho \u00e9 din\u00e2mico,\u00a0oferecendo oportunidades de desenvolvimento e crescimento!<br \/>\n\u00a0<br \/>\nE pelo sexto ano consecutivo a Verisure \u00e9 considerada uma das melhores empresas para se trabalhar no Brasil.<br \/>\n\u00a0<br \/>\nFique por dentro!<br \/>\nA\u00a0Verisure\u00a0\u00e9 refer\u00eancia na Europa e no Brasil no quesito prote\u00e7\u00e3o de pessoas, resid\u00eancias e neg\u00f3cios, somando mais de 5 milh\u00f5es de clientes.\u00a0<br \/>\nAo longo dos mais de 35 anos de hist\u00f3ria, trouxe inova\u00e7\u00e3o e confiabilidade aos sistemas de alarme e se tornou um padr\u00e3o a ser seguido pelo setor.<br \/>\nA\u00a0Verisure\u00a0Brasil \u00e9 parte do grupo internacional que \u00e9 l\u00edder na Europa, com presen\u00e7a em mais de 18 pa\u00edses.<br \/>\n\u00a0<br \/>\nMiss\u00e3o do cargo<br \/>\nBuscamos representantes comerciais com perfil din\u00e2mico e orientados para resultados.<br \/>\nOferecemos um plano de carreira promissor, e ganhos acima da m\u00e9dia de mercado, tornando poss\u00edvel ganhos de 5 a 6 mil reais logo nos primeiros meses.<br \/>\n\u00a0<br \/>\nQuais s\u00e3o as principais responsabilidades?<br \/>\nProspec\u00e7\u00e3o de clientes, visitas agendadas pela empresa, apresenta\u00e7\u00e3o dos produtos, negocia\u00e7\u00e3o, fechamento de vendas e instala\u00e7\u00e3o.<br \/>\n\u00a0<br \/>\nO que voc\u00ea precisa ter?<br \/>\nEnsino M\u00e9dio Completo (2\u00ba Grau);<br \/>\nCNH Valida;<br \/>\nVe\u00edculo pr\u00f3prio;<br \/>\n\u00a0<br \/>\nBenef\u00edcios<br \/>\n\u00a0<br \/>\nComiss\u00e3o atrativo sem limites, R$ 5 \u00e0 R$ 6 mil reais + Sal\u00e1rio Fixo.<br \/>\nVale Refei\u00e7\u00e3o ou Alimenta\u00e7\u00e3o\u00a0<br \/>\nAuxilio Combust\u00edvel;<br \/>\nPremia\u00e7\u00f5es;<br \/>\nCelular Corporativo;<br \/>\nPlano de Carreira;<br \/>\nSeguro de Vida Sulam\u00e9rica;<br \/>\nPlano de Assist\u00eancia M\u00e9dica AMIL;<br \/>\nPlano Odontol\u00f3gico Sulam\u00e9rica;<br \/>\nWellhub (Gympass);<br \/>\nZero Stress &#8211; acesso a diferentes servi\u00e7os para resolver emerg\u00eancias dom\u00e9sticas;<br \/>\nVidalink &#8211; Benef\u00edcio de subs\u00eddio e descontos em farm\u00e1cias credenciadas;<br \/>\nApoio Pass;<br \/>\nCheck-up Sa\u00fade;<br \/>\nElfie &#8211; Aplicativo de monitoramento da sa\u00fade e descontos<br \/>\nConexa \u2013 plataforma de teleconsulta;<br \/>\nEmpr\u00e9stimo Consignado \u2013 conforme pol\u00edtica vigente;<br \/>\nAlarme Monitorado Verisure \u2013 conformidade com a pol\u00edtica vigente;<br \/>\nAuxilio creche at\u00e9 10 meses de idade \u2013 conforme pol\u00edtica vigente;<br \/>\nBeb\u00ea Verisure &#8211; um kit de presentes para os novos papais e mam\u00e3es da Verisure;<br \/>\nLicen\u00e7a Parentalidade &#8211; 25 dias ap\u00f3s o nascimento ou data de ado\u00e7\u00e3o<br \/>\nClube Mais &#8211; programa de parcerias com descontos exclusivos para colaboradores da Verisure;<br \/>\n*Os planos de assist\u00eancia m\u00e9dica, odontol\u00f3gica e Wellhub poder\u00e3o ter cobran\u00e7a de mensalidade de acordo com a categoria escolhida.<br \/>\n\u00a0<br \/>\nHor\u00e1rio de trabalho<br \/>\nSegunda \u00e0 sexta-feira das 08:30 as 18:00 e aos s\u00e1bados 09:00 \u00e0s 13:00<br \/>\n\u00a0<br \/>\n\u00a0<br \/>\nAten\u00e7\u00e3o! As vagas da Verisure s\u00e3o divulgadas somente em nossos canais oficiais (LinkedIn, Site de Carreiras, Pandap\u00e9, Catho, Vagas.com e Indeed). Nunca fazemos cobran\u00e7as nem pedimos dados banc\u00e1rios.<br \/>\nConfirme sempre se o e-mail vem do dom\u00ednio @verisure.com.br ou pelo nosso Whatsapp oficial 11975791751<\/p>\n<ul>\n<li>N\u00famero de vagas: 10<\/li>\n<li>Local de trabalho: Niter\u00f3i, RJ<\/li>\n<li>Regime de contrata\u00e7\u00e3o de tipo: Efetivo \u2013 CLT<\/li>\n<li>Jornada: Per\u00edodo Integral<\/li>\n<li>\u00c1rea e especializa\u00e7\u00e3o profissional: Comercial, Vendas &#8211; Venda Externa<\/li>\n<li>N\u00edvel hier\u00e1rquico: Analista<\/li>\n<\/ul>\n<p>Escolaridade M\u00ednima: Curso T\u00e9cnico<\/p>\n<p>Forma\u00e7\u00e3o desejada:<\/p>\n<ul>\n<li>Ensino M\u00e9dio (2\u00ba Grau)<\/li>\n<\/ul>\n<p>Habilita\u00e7\u00e3o para dirigir: A, B<\/p>\n<p>Ve\u00edculo pr\u00f3prio<\/p>\n","protected":false},"excerpt":{"rendered":"<p>Junte-se a n\u00f3s! #VemSerVerisure #VerisureVagas Voc\u00ea j\u00e1 pensou em trabalhar em uma empresa que promove a diversidade e equidade em todas as suas oportunidades? \u00a0 Na Verisure priorizamos a inclus\u00e3o independente de sexo, ra\u00e7a, orienta\u00e7\u00e3o sexual, religi\u00e3o, nacionalidade, idade, defici\u00eancia etc. \u00a0 Somos apaixonados pelo que fazemos, nosso ambiente de trabalho \u00e9 din\u00e2mico,\u00a0oferecendo oportunidades de [&hellip;]<\/p>\n","protected":false},"author":1,"featured_media":0,"comment_status":"open","ping_status":"open","sticky":false,"template":"","format":"standard","meta":{"footnotes":""},"categories":[21],"tags":[],"class_list":["post-6716","post","type-post","status-publish","format-standard","hentry","category-rio-de-janeiro-rj"],"_links":{"self":[{"href":"https:\/\/vagas.portalemprego.com.br\/index.php?rest_route=\/wp\/v2\/posts\/6716","targetHints":{"allow":["GET"]}}],"collection":[{"href":"https:\/\/vagas.portalemprego.com.br\/index.php?rest_route=\/wp\/v2\/posts"}],"about":[{"href":"https:\/\/vagas.portalemprego.com.br\/index.php?rest_route=\/wp\/v2\/types\/post"}],"author":[{"embeddable":true,"href":"https:\/\/vagas.portalemprego.com.br\/index.php?rest_route=\/wp\/v2\/users\/1"}],"replies":[{"embeddable":true,"href":"https:\/\/vagas.portalemprego.com.br\/index.php?rest_route=%2Fwp%2Fv2%2Fcomments&post=6716"}],"version-history":[{"count":0,"href":"https:\/\/vagas.portalemprego.com.br\/index.php?rest_route=\/wp\/v2\/posts\/6716\/revisions"}],"wp:attachment":[{"href":"https:\/\/vagas.portalemprego.com.br\/index.php?rest_route=%2Fwp%2Fv2%2Fmedia&parent=6716"}],"wp:term":[{"taxonomy":"category","embeddable":true,"href":"https:\/\/vagas.portalemprego.com.br\/index.php?rest_route=%2Fwp%2Fv2%2Fcategories&post=6716"},{"taxonomy":"post_tag","embeddable":true,"href":"https:\/\/vagas.portalemprego.com.br\/index.php?rest_route=%2Fwp%2Fv2%2Ftags&post=6716"}],"curies":[{"name":"wp","href":"https:\/\/api.w.org\/{rel}","templated":true}]}}