{"id":6724,"date":"2026-04-29T06:14:14","date_gmt":"2026-04-29T09:14:14","guid":{"rendered":"https:\/\/vagas.portalemprego.com.br\/?p=6724"},"modified":"2026-04-29T06:14:14","modified_gmt":"2026-04-29T09:14:14","slug":"tecnico-do-seguranca-do-trabalho-logistica-tres-rios","status":"publish","type":"post","link":"https:\/\/vagas.portalemprego.com.br\/?p=6724","title":{"rendered":"T\u00c9CNICO DO SEGURAN\u00c7A DO TRABALHO &#8211; Log\u00edstica &#8211; Tr\u00eas Rios"},"content":{"rendered":"<p>Responsabilidades e atribui\u00e7\u00f5es<\/p>\n<p>Orientar e coordenar o sistema de seguran\u00e7a do trabalho, investigando riscos e causas de acidentes, analisando esquemas de preven\u00e7\u00e3o;<br \/>\n\u00b7        Inspecionar locais, instala\u00e7\u00f5es e equipamentos da empresa e determinar fatores de riscos de acidentes;<br \/>\n\u00b7        Investigar acidentes ocorridos, examinando as condi\u00e7\u00f5es da ocorr\u00eancia, para identificar suas causas e propor as provid\u00eancias cab\u00edveis;<br \/>\n\u00b7        Treinar os funcion\u00e1rios da empresa sobre normas de seguran\u00e7a, combate \u00e0 inc\u00eandios e demais medidas de preven\u00e7\u00e3o de acidentes;<br \/>\n\u00b7        Desenvolver a\u00e7\u00f5es educativas na \u00e1rea de sa\u00fade e seguran\u00e7a no trabalho;<br \/>\n\u00b7        Participar de reuni\u00f5es sobre seguran\u00e7a no trabalho, fornecendo dados relativos ao assunto, apresentando sugest\u00f5es e analisando a viabilidade de medidas de seguran\u00e7a propostas, para aperfei\u00e7oar o sistema existente;<br \/>\n\u00b7        Executar tarefas pertinentes \u00e0 \u00e1rea de atua\u00e7\u00e3o, utilizando-se de equipamentos e programas de inform\u00e1tica;<br \/>\n\u00b7        Executar e apoiar outras tarefas para o desenvolvimento das atividades do setor, inerentes \u00e0 sua fun\u00e7\u00e3o;<br \/>\n\u00b7        Gerenciar documenta\u00e7\u00e3o de SST.<\/p>\n<p>Requisitos e qualifica\u00e7\u00f5es<\/p>\n<p>Curso t\u00e9cnico em seguran\u00e7a do trabalho completo, com registro no Minist\u00e9rio do Trabalho;<br \/>\nExperi\u00eancia e conhecimentos na fun\u00e7\u00e3o de Seguran\u00e7a do Trabalho;<br \/>\nFacilidade em ministrar treinamentos;<br \/>\nPacote Office;<br \/>\nCNH &#8211; Categoria B;<br \/>\nDisponibilidade de hor\u00e1rio.<\/p>\n<ul>\n<li>Local de trabalho: Tr\u00eas Rios, RJ<\/li>\n<li>Regime de contrata\u00e7\u00e3o de tipo: Efetivo \u2013 CLT<\/li>\n<li>Jornada: Per\u00edodo Integral<\/li>\n<li>\u00c1rea e especializa\u00e7\u00e3o profissional: Log\u00edstica &#8211; Log\u00edstica<\/li>\n<li>N\u00edvel hier\u00e1rquico: Operacional<\/li>\n<\/ul>\n<p>VALORIZADO<\/p>\n<p>Tempo de experi\u00eancia: Entre 1 e 3 anos<\/p>\n<p>Escolaridade M\u00ednima: Curso T\u00e9cnico<\/p>\n<p>Forma\u00e7\u00e3o desejada:<\/p>\n<ul>\n<li>Seguran\u00e7a do trabalho, Curso T\u00e9cnico<\/li>\n<\/ul>\n<p>Habilita\u00e7\u00e3o para dirigir: B<\/p>\n","protected":false},"excerpt":{"rendered":"<p>Responsabilidades e atribui\u00e7\u00f5es Orientar e coordenar o sistema de seguran\u00e7a do trabalho, investigando riscos e causas de acidentes, analisando esquemas de preven\u00e7\u00e3o; \u00b7 Inspecionar locais, instala\u00e7\u00f5es e equipamentos da empresa e determinar fatores de riscos de acidentes; \u00b7 Investigar acidentes ocorridos, examinando as condi\u00e7\u00f5es da ocorr\u00eancia, para identificar suas causas e propor as provid\u00eancias cab\u00edveis; [&hellip;]<\/p>\n","protected":false},"author":1,"featured_media":0,"comment_status":"open","ping_status":"open","sticky":false,"template":"","format":"standard","meta":{"footnotes":""},"categories":[21],"tags":[],"class_list":["post-6724","post","type-post","status-publish","format-standard","hentry","category-rio-de-janeiro-rj"],"_links":{"self":[{"href":"https:\/\/vagas.portalemprego.com.br\/index.php?rest_route=\/wp\/v2\/posts\/6724","targetHints":{"allow":["GET"]}}],"collection":[{"href":"https:\/\/vagas.portalemprego.com.br\/index.php?rest_route=\/wp\/v2\/posts"}],"about":[{"href":"https:\/\/vagas.portalemprego.com.br\/index.php?rest_route=\/wp\/v2\/types\/post"}],"author":[{"embeddable":true,"href":"https:\/\/vagas.portalemprego.com.br\/index.php?rest_route=\/wp\/v2\/users\/1"}],"replies":[{"embeddable":true,"href":"https:\/\/vagas.portalemprego.com.br\/index.php?rest_route=%2Fwp%2Fv2%2Fcomments&post=6724"}],"version-history":[{"count":0,"href":"https:\/\/vagas.portalemprego.com.br\/index.php?rest_route=\/wp\/v2\/posts\/6724\/revisions"}],"wp:attachment":[{"href":"https:\/\/vagas.portalemprego.com.br\/index.php?rest_route=%2Fwp%2Fv2%2Fmedia&parent=6724"}],"wp:term":[{"taxonomy":"category","embeddable":true,"href":"https:\/\/vagas.portalemprego.com.br\/index.php?rest_route=%2Fwp%2Fv2%2Fcategories&post=6724"},{"taxonomy":"post_tag","embeddable":true,"href":"https:\/\/vagas.portalemprego.com.br\/index.php?rest_route=%2Fwp%2Fv2%2Ftags&post=6724"}],"curies":[{"name":"wp","href":"https:\/\/api.w.org\/{rel}","templated":true}]}}