{"id":6731,"date":"2026-04-29T06:14:14","date_gmt":"2026-04-29T09:14:14","guid":{"rendered":"https:\/\/vagas.portalemprego.com.br\/?p=6731"},"modified":"2026-04-29T06:14:14","modified_gmt":"2026-04-29T09:14:14","slug":"consultor-de-vendas-externas-porta-a-porta-comercial-vendas-nova-friburgo","status":"publish","type":"post","link":"https:\/\/vagas.portalemprego.com.br\/?p=6731","title":{"rendered":"Consultor de Vendas Externas | PORTA A PORTA &#8211; Comercial, Vendas &#8211; Nova Friburgo"},"content":{"rendered":"<p>CONSULTOR DE VENDAS EXTERNAS &#8211; PORTA A PORTA<\/p>\n<p>SAL\u00c1RIO FIXO R$2500 + comiss\u00e3o<\/p>\n<p>Requisitos:<br \/>\n&#8211; Experi\u00eancia COMPROVADA em vendas porta a porta;<br \/>\n&#8211; Excelente capacidade de comunica\u00e7\u00e3o e relacionamento interpessoal;<br \/>\n&#8211; Experi\u00eancia em trabalhar com metas e objetivos de vendas.<\/p>\n<p>N\u00f3s oferecemos:<br \/>\n&#8211; Oportunidades de crescimento profissional;<br \/>\n&#8211; COMISS\u00c3O SEM TETO!<br \/>\n&#8211; VT R$16,00 ao dia pago em dinheiro;<br \/>\n&#8211; VR R$21,85 ao dia pago em dinheiro;<br \/>\n&#8211; Gympass (Wellhub)<br \/>\n&#8211; Conv\u00eanio m\u00e9dico (UNIMED Nacional) opcional;<br \/>\n&#8211; Conv\u00eanio odontol\u00f3gico (Bradesco) opcional;<br \/>\n&#8211; Parceria com universidades;<br \/>\n&#8211; Aux\u00edlio Creche.<\/p>\n<p>Escala de trabalho: de segunda \u00e0 sexta, das 9h \u00e0s 18h48.<\/p>\n<p>Se voc\u00ea se identificou com a proposta acima, estamos ansiosos para receber sua candidatura.<\/p>\n<p>Por favor, envie seu curr\u00edculo atualizado para nossa equipe de Recrutamento e Sele\u00e7\u00e3o:<\/p>\n<p>(11) 93903-0774 ou dryellealmaviva@gmail.com &#8211; colocar no assunto &#8220;CONSULTOR DE VENDAS EXTERNAS\/NOVA FRIBURGO&#8221;<\/p>\n<p>Aguardamos sua resposta.<\/p>\n<p>Equipe de Recrutamento e Sele\u00e7\u00e3o,<br \/>\nAlmaviva Experience<\/p>\n<ul>\n<li>Local de trabalho: Nova Friburgo, RJ<\/li>\n<li>Regime de contrata\u00e7\u00e3o de tipo: Efetivo \u2013 CLT<\/li>\n<li>Jornada: Per\u00edodo Integral<\/li>\n<li>\u00c1rea e especializa\u00e7\u00e3o profissional: Comercial, Vendas &#8211; Venda Externa<\/li>\n<li>N\u00edvel hier\u00e1rquico: Consultor<\/li>\n<\/ul>\n<p>VALORIZADO<\/p>\n<p>Tempo de experi\u00eancia: Menos de 1 ano<\/p>\n<p>Escolaridade M\u00ednima: Ensino M\u00e9dio (2\u00ba Grau)<\/p>\n<p>Sal\u00e1rio: 4000,0<\/p>\n","protected":false},"excerpt":{"rendered":"<p>CONSULTOR DE VENDAS EXTERNAS &#8211; PORTA A PORTA SAL\u00c1RIO FIXO R$2500 + comiss\u00e3o Requisitos: &#8211; Experi\u00eancia COMPROVADA em vendas porta a porta; &#8211; Excelente capacidade de comunica\u00e7\u00e3o e relacionamento interpessoal; &#8211; Experi\u00eancia em trabalhar com metas e objetivos de vendas. N\u00f3s oferecemos: &#8211; Oportunidades de crescimento profissional; &#8211; COMISS\u00c3O SEM TETO! &#8211; VT R$16,00 ao [&hellip;]<\/p>\n","protected":false},"author":1,"featured_media":0,"comment_status":"open","ping_status":"open","sticky":false,"template":"","format":"standard","meta":{"footnotes":""},"categories":[21],"tags":[],"class_list":["post-6731","post","type-post","status-publish","format-standard","hentry","category-rio-de-janeiro-rj"],"_links":{"self":[{"href":"https:\/\/vagas.portalemprego.com.br\/index.php?rest_route=\/wp\/v2\/posts\/6731","targetHints":{"allow":["GET"]}}],"collection":[{"href":"https:\/\/vagas.portalemprego.com.br\/index.php?rest_route=\/wp\/v2\/posts"}],"about":[{"href":"https:\/\/vagas.portalemprego.com.br\/index.php?rest_route=\/wp\/v2\/types\/post"}],"author":[{"embeddable":true,"href":"https:\/\/vagas.portalemprego.com.br\/index.php?rest_route=\/wp\/v2\/users\/1"}],"replies":[{"embeddable":true,"href":"https:\/\/vagas.portalemprego.com.br\/index.php?rest_route=%2Fwp%2Fv2%2Fcomments&post=6731"}],"version-history":[{"count":0,"href":"https:\/\/vagas.portalemprego.com.br\/index.php?rest_route=\/wp\/v2\/posts\/6731\/revisions"}],"wp:attachment":[{"href":"https:\/\/vagas.portalemprego.com.br\/index.php?rest_route=%2Fwp%2Fv2%2Fmedia&parent=6731"}],"wp:term":[{"taxonomy":"category","embeddable":true,"href":"https:\/\/vagas.portalemprego.com.br\/index.php?rest_route=%2Fwp%2Fv2%2Fcategories&post=6731"},{"taxonomy":"post_tag","embeddable":true,"href":"https:\/\/vagas.portalemprego.com.br\/index.php?rest_route=%2Fwp%2Fv2%2Ftags&post=6731"}],"curies":[{"name":"wp","href":"https:\/\/api.w.org\/{rel}","templated":true}]}}