{"id":6735,"date":"2026-04-29T06:14:14","date_gmt":"2026-04-29T09:14:14","guid":{"rendered":"https:\/\/vagas.portalemprego.com.br\/?p=6735"},"modified":"2026-04-29T06:14:14","modified_gmt":"2026-04-29T09:14:14","slug":"farmaceutico-responsavel-hospitalar-saude-nova-iguacu","status":"publish","type":"post","link":"https:\/\/vagas.portalemprego.com.br\/?p=6735","title":{"rendered":"Farmac\u00eautico Respons\u00e1vel &#8211; Hospitalar &#8211; Sa\u00fade &#8211; Nova Igua\u00e7u"},"content":{"rendered":"<p>Contrata\u00e7\u00e3o tempor\u00e1rio de 90 dias com possibilidade de prorroga\u00e7\u00e3o.<\/p>\n<p>Empresa na \u00e1rea da sa\u00fade contrata para atuar em um de seus hospitais localizado em Nova Igua\u00e7u.<\/p>\n<p>Desenvolvimento de rotinas log\u00edsticas e administrativas relacionadas a cadeia medicamentosa;<br \/>\nCoordena\u00e7\u00e3o das atividades dos colaboradores da Farm\u00e1cia, apoiando e sanando poss\u00edveis d\u00favidas t\u00e9cnicas;<br \/>\nEstabelecer e conduzir uma rela\u00e7\u00e3o de cuidado centrada no paciente;<br \/>\nDesenvolver, em colabora\u00e7\u00e3o com os demais membros da equipe de sa\u00fade, a\u00e7\u00f5es para a promo\u00e7\u00e3o, prote\u00e7\u00e3o e recupera\u00e7\u00e3o da sa\u00fade, e a preven\u00e7\u00e3o de doen\u00e7as e de outros problemas de sa\u00fade;<br \/>\nParticipar do planejamento e da avalia\u00e7\u00e3o da farmacoterapia, para que o paciente utilize de forma segura os medicamentos de que necessita, nas doses, frequ\u00eancia, hor\u00e1rios, vias de administra\u00e7\u00e3o e dura\u00e7\u00e3o adequados, contribuindo para que o mesmo tenha condi\u00e7\u00f5es de realizar o tratamento e alcan\u00e7ar os objetivos terap\u00eauticos;<br \/>\nAnalisar e validar a prescri\u00e7\u00e3o de medicamentos quanto aos aspectos legais e t\u00e9cnicos.<\/p>\n<p>Perfil esperado \/ requisitos<br \/>\nSuperior completo em Farm\u00e1cia;<br \/>\nCRF regularizado;<br \/>\nViv\u00eancia como Farmac\u00eautico T\u00e9cnico Respons\u00e1vel na \u00e1rea Hospitalar;<br \/>\nDesej\u00e1vel P\u00f3s gradua\u00e7\u00e3o em Farm\u00e1cia Hospitalar; Farm\u00e1cia Cl\u00ednica; Log\u00edstica ou Administra\u00e7\u00e3o Hospitalar;<br \/>\nDesej\u00e1vel conhecimento em Sishosp e SAP.<\/p>\n<p>Necess\u00e1rio disponibilidade para atuar de 08:00 \u00e0s 18:00 (SEG\/QUI) 08:00 \u00e0s 17:00 (SEX).<\/p>\n<ul>\n<li>Local de trabalho: Nova Igua\u00e7u, RJ<\/li>\n<li>Regime de contrata\u00e7\u00e3o de tipo: Tempor\u00e1rio<\/li>\n<li>Jornada: Per\u00edodo Integral<\/li>\n<li>\u00c1rea e especializa\u00e7\u00e3o profissional: Sa\u00fade &#8211; Farm\u00e1cia<\/li>\n<li>N\u00edvel hier\u00e1rquico: Especialista<\/li>\n<\/ul>\n<p>VALORIZADO<\/p>\n<p>Tempo de experi\u00eancia: Entre 5 e 10 anos<\/p>\n<p>HABILIDADES<\/p>\n<ul>\n<li>Farmac\u00eautico RT<\/li>\n<li>Farm\u00e1cia Hospitalar<\/li>\n<li>Lideran\u00e7a<\/li>\n<\/ul>\n<p>Escolaridade M\u00ednima: P\u00f3s-gradua\u00e7\u00e3o &#8211; Especializa\u00e7\u00e3o\/MBA<\/p>\n<ul>\n<li>VT<\/li>\n<li>Refei\u00e7\u00e3o no local<\/li>\n<\/ul>\n<p>Sal\u00e1rio: 6274,28<\/p>\n","protected":false},"excerpt":{"rendered":"<p>Contrata\u00e7\u00e3o tempor\u00e1rio de 90 dias com possibilidade de prorroga\u00e7\u00e3o. Empresa na \u00e1rea da sa\u00fade contrata para atuar em um de seus hospitais localizado em Nova Igua\u00e7u. Desenvolvimento de rotinas log\u00edsticas e administrativas relacionadas a cadeia medicamentosa; Coordena\u00e7\u00e3o das atividades dos colaboradores da Farm\u00e1cia, apoiando e sanando poss\u00edveis d\u00favidas t\u00e9cnicas; Estabelecer e conduzir uma rela\u00e7\u00e3o de [&hellip;]<\/p>\n","protected":false},"author":1,"featured_media":0,"comment_status":"open","ping_status":"open","sticky":false,"template":"","format":"standard","meta":{"footnotes":""},"categories":[21],"tags":[],"class_list":["post-6735","post","type-post","status-publish","format-standard","hentry","category-rio-de-janeiro-rj"],"_links":{"self":[{"href":"https:\/\/vagas.portalemprego.com.br\/index.php?rest_route=\/wp\/v2\/posts\/6735","targetHints":{"allow":["GET"]}}],"collection":[{"href":"https:\/\/vagas.portalemprego.com.br\/index.php?rest_route=\/wp\/v2\/posts"}],"about":[{"href":"https:\/\/vagas.portalemprego.com.br\/index.php?rest_route=\/wp\/v2\/types\/post"}],"author":[{"embeddable":true,"href":"https:\/\/vagas.portalemprego.com.br\/index.php?rest_route=\/wp\/v2\/users\/1"}],"replies":[{"embeddable":true,"href":"https:\/\/vagas.portalemprego.com.br\/index.php?rest_route=%2Fwp%2Fv2%2Fcomments&post=6735"}],"version-history":[{"count":0,"href":"https:\/\/vagas.portalemprego.com.br\/index.php?rest_route=\/wp\/v2\/posts\/6735\/revisions"}],"wp:attachment":[{"href":"https:\/\/vagas.portalemprego.com.br\/index.php?rest_route=%2Fwp%2Fv2%2Fmedia&parent=6735"}],"wp:term":[{"taxonomy":"category","embeddable":true,"href":"https:\/\/vagas.portalemprego.com.br\/index.php?rest_route=%2Fwp%2Fv2%2Fcategories&post=6735"},{"taxonomy":"post_tag","embeddable":true,"href":"https:\/\/vagas.portalemprego.com.br\/index.php?rest_route=%2Fwp%2Fv2%2Ftags&post=6735"}],"curies":[{"name":"wp","href":"https:\/\/api.w.org\/{rel}","templated":true}]}}