{"id":6737,"date":"2026-04-29T06:14:14","date_gmt":"2026-04-29T09:14:14","guid":{"rendered":"https:\/\/vagas.portalemprego.com.br\/?p=6737"},"modified":"2026-04-29T06:14:14","modified_gmt":"2026-04-29T09:14:14","slug":"vendedora-mega-carioca-comercial-vendas-rio-de-janeiro","status":"publish","type":"post","link":"https:\/\/vagas.portalemprego.com.br\/?p=6737","title":{"rendered":"Vendedora &#8211; Mega Carioca &#8211; Comercial, Vendas &#8211; Rio de Janeiro"},"content":{"rendered":"<p>A T\u00e1tico Talentos est\u00e1 em busca de profissionais para integrar a equipe da Mega Carioca!<br \/>\nSe voc\u00ea gosta de trabalhar em um ambiente din\u00e2mico e desafiador, essa \u00e9 a sua chance! Venha fazer parte de uma equipe focada em resultados e crescimento.<\/p>\n<p>Sobre a empresa:<br \/>\nMega Carioca \u00e9 uma empresa especializada na comercializa\u00e7\u00e3o de cabelos humanos brasileiros, atuando com excel\u00eancia no atendimento a sal\u00f5es de beleza e lojistas em todo o Brasil e no exterior. Reconhecida pela qualidade e autenticidade dos seus produtos, a Mega Carioca se destaca no mercado por oferecer cabelos 100% naturais, cuidadosamente selecionados, atendendo aos mais altos padr\u00f5es exigidos por profissionais do segmento. Com uma atua\u00e7\u00e3o s\u00f3lida e confi\u00e1vel, a empresa tem como miss\u00e3o valorizar a beleza e a autoestima por meio de produtos premium e um atendimento diferenciado.<\/p>\n<p>Vaga:<br \/>\n&#8211; Vendedora Interna<\/p>\n<p>Atividades:<br \/>\n&#8211; Realizar abordagem ativa de potenciais clientes ;<br \/>\n&#8211; Apresentar os produtos e servi\u00e7os da empresa;<br \/>\n&#8211; Esclarecer d\u00favidas e oferecer suporte inicial aos clientes;<br \/>\n&#8211; Contribuir para o atingimento das metas da unidade por meio de um atendimento consultivo e focado em resultados.<\/p>\n<p>Pr\u00e9-Requisitos:<br \/>\n&#8211; Experi\u00eancia com vendas;<br \/>\n&#8211; Boa comunica\u00e7\u00e3o, poder de persuas\u00e3o e facilidade em negocia\u00e7\u00e3o;<br \/>\n&#8211; Viv\u00eancia anterior na \u00e1rea comercial;<br \/>\n&#8211; Experi\u00eancia no segmento de beleza ser\u00e1 considerada um diferencial;<br \/>\n&#8211; Residir na Zona Oeste &#8211; Rio de Janeiro. <\/p>\n<p>Sobre a vaga:<br \/>\n&#8211; Contrata\u00e7\u00e3o: CLT ;<br \/>\n&#8211; Remunera\u00e7\u00e3o: R$ 3.000,00 (fixo R$ 1.560,00) a R$ 8.000,00 (com comiss\u00e3o)<br \/>\n&#8211; Comiss\u00e3o crescente por meta batida;<br \/>\n&#8211; Vale Transporte;<br \/>\n&#8211; Vale Refei\u00e7\u00e3o: R$20,00\/dia;<br \/>\n&#8211; Hor\u00e1rio: Segunda a sexta, das 9h \u00e0s 18h;<br \/>\n&#8211; Muita oportunidade de crescimento.<\/p>\n<p>Se voc\u00ea tem perfil din\u00e2mico e gosta de desafios, essa \u00e9 sua oportunidade! Venha fazer parte do time da Mega Carioca.<\/p>\n<ul>\n<li>N\u00famero de vagas: 2<\/li>\n<li>Local de trabalho: Rio de Janeiro, RJ<\/li>\n<li>Regime de contrata\u00e7\u00e3o de tipo: Efetivo \u2013 CLT<\/li>\n<li>Jornada: Per\u00edodo Integral<\/li>\n<li>\u00c1rea e especializa\u00e7\u00e3o profissional: Comercial, Vendas &#8211; Venda Interna<\/li>\n<li>N\u00edvel hier\u00e1rquico: Operacional<\/li>\n<\/ul>\n<p>VALORIZADO<\/p>\n<p>Tempo de experi\u00eancia: Menos de 1 ano<\/p>\n<p>Escolaridade M\u00ednima: Ensino M\u00e9dio (2\u00ba Grau)<\/p>\n<p>Sal\u00e1rio: 8000,0<\/p>\n","protected":false},"excerpt":{"rendered":"<p>A T\u00e1tico Talentos est\u00e1 em busca de profissionais para integrar a equipe da Mega Carioca! Se voc\u00ea gosta de trabalhar em um ambiente din\u00e2mico e desafiador, essa \u00e9 a sua chance! Venha fazer parte de uma equipe focada em resultados e crescimento. Sobre a empresa: Mega Carioca \u00e9 uma empresa especializada na comercializa\u00e7\u00e3o de cabelos [&hellip;]<\/p>\n","protected":false},"author":1,"featured_media":0,"comment_status":"open","ping_status":"open","sticky":false,"template":"","format":"standard","meta":{"footnotes":""},"categories":[21],"tags":[],"class_list":["post-6737","post","type-post","status-publish","format-standard","hentry","category-rio-de-janeiro-rj"],"_links":{"self":[{"href":"https:\/\/vagas.portalemprego.com.br\/index.php?rest_route=\/wp\/v2\/posts\/6737","targetHints":{"allow":["GET"]}}],"collection":[{"href":"https:\/\/vagas.portalemprego.com.br\/index.php?rest_route=\/wp\/v2\/posts"}],"about":[{"href":"https:\/\/vagas.portalemprego.com.br\/index.php?rest_route=\/wp\/v2\/types\/post"}],"author":[{"embeddable":true,"href":"https:\/\/vagas.portalemprego.com.br\/index.php?rest_route=\/wp\/v2\/users\/1"}],"replies":[{"embeddable":true,"href":"https:\/\/vagas.portalemprego.com.br\/index.php?rest_route=%2Fwp%2Fv2%2Fcomments&post=6737"}],"version-history":[{"count":0,"href":"https:\/\/vagas.portalemprego.com.br\/index.php?rest_route=\/wp\/v2\/posts\/6737\/revisions"}],"wp:attachment":[{"href":"https:\/\/vagas.portalemprego.com.br\/index.php?rest_route=%2Fwp%2Fv2%2Fmedia&parent=6737"}],"wp:term":[{"taxonomy":"category","embeddable":true,"href":"https:\/\/vagas.portalemprego.com.br\/index.php?rest_route=%2Fwp%2Fv2%2Fcategories&post=6737"},{"taxonomy":"post_tag","embeddable":true,"href":"https:\/\/vagas.portalemprego.com.br\/index.php?rest_route=%2Fwp%2Fv2%2Ftags&post=6737"}],"curies":[{"name":"wp","href":"https:\/\/api.w.org\/{rel}","templated":true}]}}