{"id":6738,"date":"2026-04-29T06:14:14","date_gmt":"2026-04-29T09:14:14","guid":{"rendered":"https:\/\/vagas.portalemprego.com.br\/?p=6738"},"modified":"2026-04-29T06:14:14","modified_gmt":"2026-04-29T09:14:14","slug":"assessor-de-recrutamento-e-selecao-recursos-humanos-rio-de-janeiro","status":"publish","type":"post","link":"https:\/\/vagas.portalemprego.com.br\/?p=6738","title":{"rendered":"Assessor de Recrutamento e Sele\u00e7\u00e3o &#8211; Recursos Humanos &#8211; Rio de Janeiro"},"content":{"rendered":"<p>Estamos em busca de um profissional din\u00e2mico e experiente para o cargo de Assessor de Recrutamento e Sele\u00e7\u00e3o.<br \/>\nO candidato ideal ser\u00e1 respons\u00e1vel por apoiar processos de recrutamento, garantindo a contrata\u00e7\u00e3o de talentos que atendam \u00e0s necessidades espec\u00edficas da empresa.<\/p>\n<p>Voc\u00ea ser\u00e1 parte de uma equipe dedicada, colaborando para identificar, atrair e selecionar os melhores candidatos.<br \/>\nSuas principais responsabilidades incluir\u00e3o a an\u00e1lise de vagas, desenvolvimento de estrat\u00e9gias de recrutamento<br \/>\nAl\u00e9m disso, voc\u00ea dever\u00e1 manter-se atualizado sobre as melhores pr\u00e1ticas do mercado de trabalho e contribuir para o desenvolvimento de processos de sele\u00e7\u00e3o mais eficientes.<\/p>\n<p>Experi\u00eancia em recrutamento e sele\u00e7\u00e3o \u00e9 essencial, assim como habilidades de comunica\u00e7\u00e3o e intera\u00e7\u00e3o com pessoas.<br \/>\nCapacidade de trabalhar sob press\u00e3o e em um ambiente din\u00e2mico \u00e9 fundamental.<br \/>\nO candidato deve demonstrar comprometimento com a excel\u00eancia e ter uma vis\u00e3o estrat\u00e9gica para o recrutamento.<\/p>\n<p>Se voc\u00ea tem paix\u00e3o por encontrar os melhores talentos e deseja fazer parte de uma equipe que valoriza o desenvolvimento profissional, esta \u00e9 a oportunidade perfeita para voc\u00ea.<br \/>\nJunte-se a n\u00f3s e contribua para o crescimento e o sucesso da empresa.<\/p>\n<p>Aguardamos seu interesse para fazer parte dessa jornada de excel\u00eancia em recrutamento e sele\u00e7\u00e3o.<\/p>\n<ul>\n<li>Local de trabalho: Rio de Janeiro, RJ<\/li>\n<li>Regime de contrata\u00e7\u00e3o de tipo: Efetivo \u2013 CLT<\/li>\n<li>Jornada: Per\u00edodo Integral<\/li>\n<li>\u00c1rea e especializa\u00e7\u00e3o profissional: Recursos Humanos &#8211; Recrutamento e Sele\u00e7\u00e3o<\/li>\n<li>N\u00edvel hier\u00e1rquico: Auxiliar<\/li>\n<\/ul>\n<p>VALORIZADO<\/p>\n<p>Tempo de experi\u00eancia: Entre 1 e 3 anos<\/p>\n<p>Escolaridade M\u00ednima: Ensino Superior<\/p>\n<p>Forma\u00e7\u00e3o desejada:<\/p>\n<ul>\n<li>Pedagogia, Ensino Superior<\/li>\n<li>Gest\u00e3o de Recursos Humanos, Ensino Superior<\/li>\n<li>Psicologia, Ensino Superior<\/li>\n<\/ul>\n<ul>\n<li>Seguro de Vida<\/li>\n<li>Assist\u00eancia m\u00e9dica<\/li>\n<li>Vale-transporte<\/li>\n<li>Vale-alimenta\u00e7\u00e3o<\/li>\n<li>Vale-refei\u00e7\u00e3o<\/li>\n<\/ul>\n<p>Sal\u00e1rio: 1800,0<\/p>\n","protected":false},"excerpt":{"rendered":"<p>Estamos em busca de um profissional din\u00e2mico e experiente para o cargo de Assessor de Recrutamento e Sele\u00e7\u00e3o. O candidato ideal ser\u00e1 respons\u00e1vel por apoiar processos de recrutamento, garantindo a contrata\u00e7\u00e3o de talentos que atendam \u00e0s necessidades espec\u00edficas da empresa. Voc\u00ea ser\u00e1 parte de uma equipe dedicada, colaborando para identificar, atrair e selecionar os melhores [&hellip;]<\/p>\n","protected":false},"author":1,"featured_media":0,"comment_status":"open","ping_status":"open","sticky":false,"template":"","format":"standard","meta":{"footnotes":""},"categories":[21],"tags":[],"class_list":["post-6738","post","type-post","status-publish","format-standard","hentry","category-rio-de-janeiro-rj"],"_links":{"self":[{"href":"https:\/\/vagas.portalemprego.com.br\/index.php?rest_route=\/wp\/v2\/posts\/6738","targetHints":{"allow":["GET"]}}],"collection":[{"href":"https:\/\/vagas.portalemprego.com.br\/index.php?rest_route=\/wp\/v2\/posts"}],"about":[{"href":"https:\/\/vagas.portalemprego.com.br\/index.php?rest_route=\/wp\/v2\/types\/post"}],"author":[{"embeddable":true,"href":"https:\/\/vagas.portalemprego.com.br\/index.php?rest_route=\/wp\/v2\/users\/1"}],"replies":[{"embeddable":true,"href":"https:\/\/vagas.portalemprego.com.br\/index.php?rest_route=%2Fwp%2Fv2%2Fcomments&post=6738"}],"version-history":[{"count":0,"href":"https:\/\/vagas.portalemprego.com.br\/index.php?rest_route=\/wp\/v2\/posts\/6738\/revisions"}],"wp:attachment":[{"href":"https:\/\/vagas.portalemprego.com.br\/index.php?rest_route=%2Fwp%2Fv2%2Fmedia&parent=6738"}],"wp:term":[{"taxonomy":"category","embeddable":true,"href":"https:\/\/vagas.portalemprego.com.br\/index.php?rest_route=%2Fwp%2Fv2%2Fcategories&post=6738"},{"taxonomy":"post_tag","embeddable":true,"href":"https:\/\/vagas.portalemprego.com.br\/index.php?rest_route=%2Fwp%2Fv2%2Ftags&post=6738"}],"curies":[{"name":"wp","href":"https:\/\/api.w.org\/{rel}","templated":true}]}}