{"id":6740,"date":"2026-04-29T06:14:14","date_gmt":"2026-04-29T09:14:14","guid":{"rendered":"https:\/\/vagas.portalemprego.com.br\/?p=6740"},"modified":"2026-04-29T06:14:14","modified_gmt":"2026-04-29T09:14:14","slug":"promotor-de-vendas-macae-rj-comercial-vendas-macae","status":"publish","type":"post","link":"https:\/\/vagas.portalemprego.com.br\/?p=6740","title":{"rendered":"Promotor de Vendas &#8211; Maca\u00e9- RJ &#8211; Comercial, Vendas &#8211; Maca\u00e9"},"content":{"rendered":"<p>\u2022\tESCALA DE TRABALHO: DE SEG A SAB 08:00 AS 16:20<\/p>\n<p>&#8211; \u00c9 NECESS\u00c1RIO RESIDIR EM MACA\u00c9<\/p>\n<p>&#8211; Realizar rotas em supermercados no varejo e atacado, garantindo a reposi\u00e7\u00e3o e organiza\u00e7\u00e3o das mercadorias.<br \/>\n&#8211; Manter comunica\u00e7\u00e3o com as marcas clientes para informar faltas de produtos.<br \/>\n&#8211; Negociar espa\u00e7os extras para exposi\u00e7\u00e3o com encarregados e chefes de setor.<br \/>\n&#8211; Montar paletes atrativos e garantir a visibilidade dos produtos no ponto de venda.<br \/>\n&#8211; Analisar as exposi\u00e7\u00f5es dos concorrentes e identificar oportunidades ou amea\u00e7as.<br \/>\n&#8211; Atualizar a precifica\u00e7\u00e3o e garantir que os valores estejam corretos.<br \/>\n&#8211; Prestar atendimento aos clientes e esclarecer d\u00favidas sobre os produtos.<br \/>\n&#8211; Identificar oportunidades de vendas e melhorar a performance dos produtos no PDV.<br \/>\n&#8211; Garantir a execu\u00e7\u00e3o dos planogramas e a organiza\u00e7\u00e3o dos produtos conforme o layout da empresa.<br \/>\n&#8211; Resolver problemas de exposi\u00e7\u00e3o e reposi\u00e7\u00e3o de mercadorias.<br \/>\n&#8211; Promover produtos, organizar a rotatividade e abordar clientes, distribuindo panfletos quando necess\u00e1rio.<\/p>\n<ul>\n<li>Local de trabalho: Maca\u00e9, RJ<\/li>\n<li>Regime de contrata\u00e7\u00e3o de tipo: Efetivo \u2013 CLT<\/li>\n<li>Jornada: Parcial noites<\/li>\n<li>\u00c1rea e especializa\u00e7\u00e3o profissional: Comercial, Vendas &#8211; Demonstrador \/ Promotor<\/li>\n<li>N\u00edvel hier\u00e1rquico: Operacional<\/li>\n<\/ul>\n<p>VALORIZADO<\/p>\n<p>Tempo de experi\u00eancia: Sem experi\u00eancia<\/p>\n<p>Escolaridade M\u00ednima: Ensino M\u00e9dio (2\u00ba Grau)<\/p>\n<ul>\n<li>OPORTUNIDADE DE CRESCIMENTO<\/li>\n<li>VT<\/li>\n<li>VR OU VA NO VALOR DE 27,83 AO DIA<\/li>\n<li>DESCONTO COM FACULDADES<\/li>\n<li>SEGURO DE VIDA EM GRUPO<\/li>\n<\/ul>\n<p>Sal\u00e1rio: 1763,0<\/p>\n","protected":false},"excerpt":{"rendered":"<p>\u2022 ESCALA DE TRABALHO: DE SEG A SAB 08:00 AS 16:20 &#8211; \u00c9 NECESS\u00c1RIO RESIDIR EM MACA\u00c9 &#8211; Realizar rotas em supermercados no varejo e atacado, garantindo a reposi\u00e7\u00e3o e organiza\u00e7\u00e3o das mercadorias. &#8211; Manter comunica\u00e7\u00e3o com as marcas clientes para informar faltas de produtos. &#8211; Negociar espa\u00e7os extras para exposi\u00e7\u00e3o com encarregados e chefes [&hellip;]<\/p>\n","protected":false},"author":1,"featured_media":0,"comment_status":"open","ping_status":"open","sticky":false,"template":"","format":"standard","meta":{"footnotes":""},"categories":[21],"tags":[],"class_list":["post-6740","post","type-post","status-publish","format-standard","hentry","category-rio-de-janeiro-rj"],"_links":{"self":[{"href":"https:\/\/vagas.portalemprego.com.br\/index.php?rest_route=\/wp\/v2\/posts\/6740","targetHints":{"allow":["GET"]}}],"collection":[{"href":"https:\/\/vagas.portalemprego.com.br\/index.php?rest_route=\/wp\/v2\/posts"}],"about":[{"href":"https:\/\/vagas.portalemprego.com.br\/index.php?rest_route=\/wp\/v2\/types\/post"}],"author":[{"embeddable":true,"href":"https:\/\/vagas.portalemprego.com.br\/index.php?rest_route=\/wp\/v2\/users\/1"}],"replies":[{"embeddable":true,"href":"https:\/\/vagas.portalemprego.com.br\/index.php?rest_route=%2Fwp%2Fv2%2Fcomments&post=6740"}],"version-history":[{"count":0,"href":"https:\/\/vagas.portalemprego.com.br\/index.php?rest_route=\/wp\/v2\/posts\/6740\/revisions"}],"wp:attachment":[{"href":"https:\/\/vagas.portalemprego.com.br\/index.php?rest_route=%2Fwp%2Fv2%2Fmedia&parent=6740"}],"wp:term":[{"taxonomy":"category","embeddable":true,"href":"https:\/\/vagas.portalemprego.com.br\/index.php?rest_route=%2Fwp%2Fv2%2Fcategories&post=6740"},{"taxonomy":"post_tag","embeddable":true,"href":"https:\/\/vagas.portalemprego.com.br\/index.php?rest_route=%2Fwp%2Fv2%2Ftags&post=6740"}],"curies":[{"name":"wp","href":"https:\/\/api.w.org\/{rel}","templated":true}]}}