{"id":6741,"date":"2026-04-29T06:14:14","date_gmt":"2026-04-29T09:14:14","guid":{"rendered":"https:\/\/vagas.portalemprego.com.br\/?p=6741"},"modified":"2026-04-29T06:14:14","modified_gmt":"2026-04-29T09:14:14","slug":"1122-conferente-de-mercadorias-logistica-nova-friburgo","status":"publish","type":"post","link":"https:\/\/vagas.portalemprego.com.br\/?p=6741","title":{"rendered":"1122 &#8211; Conferente de Mercadorias &#8211; Log\u00edstica &#8211; Nova Friburgo"},"content":{"rendered":"<p>Estamos em busca de um profissional dedicado para o cargo de Conferente de Mercadorias, para a cidade de Nova Friburgo\/RJ.<br \/>\nEste \u00e9 um papel fundamental em nossa opera\u00e7\u00e3o, onde voc\u00ea ser\u00e1 respons\u00e1vel por garantir a precis\u00e3o e a efici\u00eancia na confer\u00eancia e controle de mercadorias.<\/p>\n<p>Voc\u00ea ser\u00e1 o elo essencial entre o estoque e a log\u00edstica, garantindo que os produtos estejam corretamente identificados, embalados e armazenados.<br \/>\nSua aten\u00e7\u00e3o aos detalhes e capacidade de organiza\u00e7\u00e3o s\u00e3o fundamentais para o sucesso da equipe.<\/p>\n<p>A posi\u00e7\u00e3o exige algu\u00e9m com experi\u00eancia em confer\u00eancia de mercadorias, com habilidades em gerenciamento de estoque e controle de invent\u00e1rio.<br \/>\n\u00c9 essencial que voc\u00ea tenha uma boa compreens\u00e3o das pr\u00e1ticas de armazenagem e possa trabalhar de forma eficiente em um ambiente de ritmo acelerado.<\/p>\n<p>Voc\u00ea deve ser capaz de utilizar sistemas de gerenciamento de estoque e ter uma boa capacidade de resolu\u00e7\u00e3o de problemas.<br \/>\nA capacidade de trabalhar em equipe e a comunica\u00e7\u00e3o clara s\u00e3o igualmente importantes para garantir que todas as opera\u00e7\u00f5es funcionem sem problemas.<\/p>\n<p>Se voc\u00ea tem experi\u00eancia em confer\u00eancia de mercadorias e est\u00e1 pronto para se juntar a uma equipe din\u00e2mica e comprometida, esta \u00e9 uma oportunidade que pode ser perfeita para voc\u00ea.<\/p>\n<ul>\n<li>Local de trabalho: Nova Friburgo, RJ<\/li>\n<li>Regime de contrata\u00e7\u00e3o de tipo: Efetivo \u2013 CLT<\/li>\n<li>Jornada: Per\u00edodo Integral<\/li>\n<li>\u00c1rea e especializa\u00e7\u00e3o profissional: Log\u00edstica &#8211; Estoque, Armazenagem, Dep\u00f3sito<\/li>\n<li>N\u00edvel hier\u00e1rquico: Operacional<\/li>\n<\/ul>\n<p>VALORIZADO<\/p>\n<p>Tempo de experi\u00eancia: Entre 1 e 3 anos<\/p>\n<p>HABILIDADES<\/p>\n<ul>\n<li>controle<\/li>\n<li>confer\u00eancia<\/li>\n<li>estoque<\/li>\n<\/ul>\n<p>Escolaridade M\u00ednima: Ensino M\u00e9dio (2\u00ba Grau)<\/p>\n<p>Sal\u00e1rio: 2300,0<\/p>\n","protected":false},"excerpt":{"rendered":"<p>Estamos em busca de um profissional dedicado para o cargo de Conferente de Mercadorias, para a cidade de Nova Friburgo\/RJ. Este \u00e9 um papel fundamental em nossa opera\u00e7\u00e3o, onde voc\u00ea ser\u00e1 respons\u00e1vel por garantir a precis\u00e3o e a efici\u00eancia na confer\u00eancia e controle de mercadorias. Voc\u00ea ser\u00e1 o elo essencial entre o estoque e a [&hellip;]<\/p>\n","protected":false},"author":1,"featured_media":0,"comment_status":"open","ping_status":"open","sticky":false,"template":"","format":"standard","meta":{"footnotes":""},"categories":[21],"tags":[],"class_list":["post-6741","post","type-post","status-publish","format-standard","hentry","category-rio-de-janeiro-rj"],"_links":{"self":[{"href":"https:\/\/vagas.portalemprego.com.br\/index.php?rest_route=\/wp\/v2\/posts\/6741","targetHints":{"allow":["GET"]}}],"collection":[{"href":"https:\/\/vagas.portalemprego.com.br\/index.php?rest_route=\/wp\/v2\/posts"}],"about":[{"href":"https:\/\/vagas.portalemprego.com.br\/index.php?rest_route=\/wp\/v2\/types\/post"}],"author":[{"embeddable":true,"href":"https:\/\/vagas.portalemprego.com.br\/index.php?rest_route=\/wp\/v2\/users\/1"}],"replies":[{"embeddable":true,"href":"https:\/\/vagas.portalemprego.com.br\/index.php?rest_route=%2Fwp%2Fv2%2Fcomments&post=6741"}],"version-history":[{"count":0,"href":"https:\/\/vagas.portalemprego.com.br\/index.php?rest_route=\/wp\/v2\/posts\/6741\/revisions"}],"wp:attachment":[{"href":"https:\/\/vagas.portalemprego.com.br\/index.php?rest_route=%2Fwp%2Fv2%2Fmedia&parent=6741"}],"wp:term":[{"taxonomy":"category","embeddable":true,"href":"https:\/\/vagas.portalemprego.com.br\/index.php?rest_route=%2Fwp%2Fv2%2Fcategories&post=6741"},{"taxonomy":"post_tag","embeddable":true,"href":"https:\/\/vagas.portalemprego.com.br\/index.php?rest_route=%2Fwp%2Fv2%2Ftags&post=6741"}],"curies":[{"name":"wp","href":"https:\/\/api.w.org\/{rel}","templated":true}]}}