{"id":6742,"date":"2026-04-29T06:14:14","date_gmt":"2026-04-29T09:14:14","guid":{"rendered":"https:\/\/vagas.portalemprego.com.br\/?p=6742"},"modified":"2026-04-29T06:14:14","modified_gmt":"2026-04-29T09:14:14","slug":"comprador-compras-rio-de-janeiro-5","status":"publish","type":"post","link":"https:\/\/vagas.portalemprego.com.br\/?p=6742","title":{"rendered":"Comprador &#8211; Compras &#8211; Rio de Janeiro"},"content":{"rendered":"<p>Empresa no segmento de alimentos org\u00e2nicos localizado em Laranjeiras contrata:<\/p>\n<p>Vaga: Compras \/ Suprimentos <\/p>\n<p>1.\tFornecedores:<br \/>\nManter o cadastro de produtos e fornecedores atualizados;<br \/>\nDar entrada corretamente nas informa\u00e7\u00f5es fiscais dos produtos (NCM, CST, ST, EAN&#8230;);<br \/>\nControlar as pend\u00eancias referente as n\u00e3o conformidades;<\/p>\n<p>2.\tEstoque:<br \/>\nAnalisar estoques m\u00e1ximos e m\u00ednimos;<br \/>\nApontar falhas \/ rupturas de produtos;<br \/>\nResponsabilizar pelas transfer\u00eancias de mercadorias entre lojas ou unidades de neg\u00f3cios;<br \/>\nConciliar varia\u00e7\u00e3o de estoques x vendas x compras;<br \/>\nPlanejar e executar os invent\u00e1rios;<br \/>\nEmitir relat\u00f3rios com as evolu\u00e7\u00f5es de estoque ABC de Estoque;<br \/>\nControlar Validades;<br \/>\nLevantar junto aos setores as necessidades para aquisi\u00e7\u00f5es dos materiais de Uso e Consumo. <\/p>\n<p>3.\tEntradas:<br \/>\nCadastrar Produtos no sistema;<br \/>\nEntrar com as notas fiscais e romaneios no estoque;<br \/>\nExecutar as altera\u00e7\u00f5es de pre\u00e7os sistema \/ balan\u00e7as e comunicar as lojas;<\/p>\n<p>4.\tSa\u00eddas:<br \/>\nLan\u00e7ar e baixar as perdas e bonifica\u00e7\u00f5es;<br \/>\nEmitir notas de devolu\u00e7\u00f5es ou outras remessas;<\/p>\n<p>5.\tCompras:<br \/>\nPreparar Ordens de compras e acompanhar (rastrear) todo fluxo entre o pedido e a chegada das mercadorias;<br \/>\nConferir relat\u00f3rios de CMV (custos de mercadoria vendida) e informar aos superiores onde houver inconsist\u00eancias;<br \/>\nAuditar ordens de compras x notas fiscais de entrada;<br \/>\nConciliar fretes x notas fiscais entrada;<\/p>\n<p>6.\tPatrimonial:<br \/>\nRegistrar todas as aquisi\u00e7\u00f5es patrimoniais \/ ativos imobilizados;<\/p>\n<p>SOMENTE HOMEM<br \/>\nCLT<br \/>\nSal\u00e1rio R$2.100<br \/>\nBonifica\u00e7\u00f5es por desempenho<br \/>\nPlano de sa\u00fade com coparticipa\u00e7\u00e3o <\/p>\n<p>Hor\u00e1rio: segunda a s\u00e1bado<br \/>\n9h \u00e0s 18h.<br \/>\ns\u00e1bado 10h \u00e0s 16h<\/p>\n<p>Local:\u00a0Laranjeiras<\/p>\n<ul>\n<li>Local de trabalho: Rio de Janeiro, RJ<\/li>\n<li>Regime de contrata\u00e7\u00e3o de tipo: Efetivo \u2013 CLT<\/li>\n<li>Jornada: Per\u00edodo Integral<\/li>\n<li>\u00c1rea e especializa\u00e7\u00e3o profissional: Compras &#8211; Compras<\/li>\n<li>N\u00edvel hier\u00e1rquico: Especialista<\/li>\n<\/ul>\n<p>Escolaridade M\u00ednima: Ensino M\u00e9dio (2\u00ba Grau)<\/p>\n","protected":false},"excerpt":{"rendered":"<p>Empresa no segmento de alimentos org\u00e2nicos localizado em Laranjeiras contrata: Vaga: Compras \/ Suprimentos 1. Fornecedores: Manter o cadastro de produtos e fornecedores atualizados; Dar entrada corretamente nas informa\u00e7\u00f5es fiscais dos produtos (NCM, CST, ST, EAN&#8230;); Controlar as pend\u00eancias referente as n\u00e3o conformidades; 2. Estoque: Analisar estoques m\u00e1ximos e m\u00ednimos; Apontar falhas \/ rupturas de [&hellip;]<\/p>\n","protected":false},"author":1,"featured_media":0,"comment_status":"open","ping_status":"open","sticky":false,"template":"","format":"standard","meta":{"footnotes":""},"categories":[21],"tags":[],"class_list":["post-6742","post","type-post","status-publish","format-standard","hentry","category-rio-de-janeiro-rj"],"_links":{"self":[{"href":"https:\/\/vagas.portalemprego.com.br\/index.php?rest_route=\/wp\/v2\/posts\/6742","targetHints":{"allow":["GET"]}}],"collection":[{"href":"https:\/\/vagas.portalemprego.com.br\/index.php?rest_route=\/wp\/v2\/posts"}],"about":[{"href":"https:\/\/vagas.portalemprego.com.br\/index.php?rest_route=\/wp\/v2\/types\/post"}],"author":[{"embeddable":true,"href":"https:\/\/vagas.portalemprego.com.br\/index.php?rest_route=\/wp\/v2\/users\/1"}],"replies":[{"embeddable":true,"href":"https:\/\/vagas.portalemprego.com.br\/index.php?rest_route=%2Fwp%2Fv2%2Fcomments&post=6742"}],"version-history":[{"count":0,"href":"https:\/\/vagas.portalemprego.com.br\/index.php?rest_route=\/wp\/v2\/posts\/6742\/revisions"}],"wp:attachment":[{"href":"https:\/\/vagas.portalemprego.com.br\/index.php?rest_route=%2Fwp%2Fv2%2Fmedia&parent=6742"}],"wp:term":[{"taxonomy":"category","embeddable":true,"href":"https:\/\/vagas.portalemprego.com.br\/index.php?rest_route=%2Fwp%2Fv2%2Fcategories&post=6742"},{"taxonomy":"post_tag","embeddable":true,"href":"https:\/\/vagas.portalemprego.com.br\/index.php?rest_route=%2Fwp%2Fv2%2Ftags&post=6742"}],"curies":[{"name":"wp","href":"https:\/\/api.w.org\/{rel}","templated":true}]}}