{"id":6745,"date":"2026-04-29T06:15:15","date_gmt":"2026-04-29T09:15:15","guid":{"rendered":"https:\/\/vagas.portalemprego.com.br\/?p=6745"},"modified":"2026-04-29T06:15:15","modified_gmt":"2026-04-29T09:15:15","slug":"assistente-de-seguranca-da-informacao-informatica-ti-telecomunicacoes-rio-de-janeiro","status":"publish","type":"post","link":"https:\/\/vagas.portalemprego.com.br\/?p=6745","title":{"rendered":"Assistente de Seguran\u00e7a da Informa\u00e7\u00e3o &#8211; Inform\u00e1tica, TI, Telecomunica\u00e7\u00f5es &#8211; Rio de Janeiro"},"content":{"rendered":"<p>Estamos em busca de um(a) Assistente de GRC (Governan\u00e7a, Riscos e Conformidade) para atuar em um dos nossos clientes, especializado em Seguran\u00e7a da Informa\u00e7\u00e3o e Privacidade.<\/p>\n<p>Atividades:<br \/>\n\u2022\tApoio na elabora\u00e7\u00e3o e atualiza\u00e7\u00e3o de documentos, relat\u00f3rios e planilhas de seguran\u00e7a da informa\u00e7\u00e3o;<br \/>\n\u2022\tAux\u00edlio na implementa\u00e7\u00e3o de controles com base em normas como ISO 27001, NIST e CIS Controls;<br \/>\n\u2022\tPreenchimento de registros, invent\u00e1rios e formul\u00e1rios t\u00e9cnicos;<br \/>\n\u2022\tSuporte em auditorias, reuni\u00f5es e organiza\u00e7\u00e3o de documenta\u00e7\u00e3o;<br \/>\n\u2022\tTarefas administrativas relacionadas \u00e0 \u00e1rea, como uso de portais, envio de e-mails e convites.<\/p>\n<p>Requisitos:<br \/>\n\u2022\tConhecimento b\u00e1sico em Seguran\u00e7a da Informa\u00e7\u00e3o, Privacidade e Ciberseguran\u00e7a;<br \/>\n\u2022\tNo\u00e7\u00f5es de infraestrutura de TI, redes e nuvem;<br \/>\n\u2022\tFamiliaridade com frameworks como ISO 27001 (diferencial);<br \/>\n\u2022\tDom\u00ednio intermedi\u00e1rio\/avan\u00e7ado do pacote Office (Word, Excel e PowerPoint);<br \/>\n\u2022\tBoa organiza\u00e7\u00e3o, aten\u00e7\u00e3o aos detalhes e comunica\u00e7\u00e3o escrita;<br \/>\n\u2022\tEnsino superior cursando ou completo em TI, Administra\u00e7\u00e3o, Direito ou \u00e1reas correlatas;<br \/>\n\u2022\tIngl\u00eas t\u00e9cnico e certifica\u00e7\u00f5es como ISC2 CC, Security+ (desej\u00e1veis).<\/p>\n<ul>\n<li>Local de trabalho: Rio de Janeiro, RJ<\/li>\n<li>Regime de contrata\u00e7\u00e3o de tipo: Efetivo \u2013 CLT<\/li>\n<li>Jornada: Per\u00edodo Integral<\/li>\n<li>\u00c1rea e especializa\u00e7\u00e3o profissional: Inform\u00e1tica, TI, Telecomunica\u00e7\u00f5es &#8211; Seguran\u00e7a da Informa\u00e7\u00e3o<\/li>\n<li>N\u00edvel hier\u00e1rquico: Assistente<\/li>\n<\/ul>\n<p>VALORIZADO<\/p>\n<p>Tempo de experi\u00eancia: Entre 3 e 5 anos<\/p>\n<p>Escolaridade M\u00ednima: Ensino Superior<\/p>\n<p>Forma\u00e7\u00e3o desejada:<\/p>\n<ul>\n<li>Tecnologia da Informa\u00e7\u00e3o, Ensino Superior<\/li>\n<li>Engenharia da computa\u00e7\u00e3o, Ensino Superior<\/li>\n<li>Direito, Ensino Superior<\/li>\n<li>Administra\u00e7\u00e3o de empresas, Ensino Superior<\/li>\n<\/ul>\n<p>Idiomas:<\/p>\n<ul>\n<li>Ingl\u00eas (Intermedi\u00e1rio)<\/li>\n<\/ul>\n<ul>\n<li>Plano Odontol\u00f3gico<\/li>\n<li>Plano de sa\u00fade<\/li>\n<li>Vale-refei\u00e7\u00e3o<\/li>\n<li>Vale-transporte<\/li>\n<\/ul>\n<p>Sal\u00e1rio: 3200,0<\/p>\n","protected":false},"excerpt":{"rendered":"<p>Estamos em busca de um(a) Assistente de GRC (Governan\u00e7a, Riscos e Conformidade) para atuar em um dos nossos clientes, especializado em Seguran\u00e7a da Informa\u00e7\u00e3o e Privacidade. Atividades: \u2022 Apoio na elabora\u00e7\u00e3o e atualiza\u00e7\u00e3o de documentos, relat\u00f3rios e planilhas de seguran\u00e7a da informa\u00e7\u00e3o; \u2022 Aux\u00edlio na implementa\u00e7\u00e3o de controles com base em normas como ISO 27001, [&hellip;]<\/p>\n","protected":false},"author":1,"featured_media":0,"comment_status":"open","ping_status":"open","sticky":false,"template":"","format":"standard","meta":{"footnotes":""},"categories":[21],"tags":[],"class_list":["post-6745","post","type-post","status-publish","format-standard","hentry","category-rio-de-janeiro-rj"],"_links":{"self":[{"href":"https:\/\/vagas.portalemprego.com.br\/index.php?rest_route=\/wp\/v2\/posts\/6745","targetHints":{"allow":["GET"]}}],"collection":[{"href":"https:\/\/vagas.portalemprego.com.br\/index.php?rest_route=\/wp\/v2\/posts"}],"about":[{"href":"https:\/\/vagas.portalemprego.com.br\/index.php?rest_route=\/wp\/v2\/types\/post"}],"author":[{"embeddable":true,"href":"https:\/\/vagas.portalemprego.com.br\/index.php?rest_route=\/wp\/v2\/users\/1"}],"replies":[{"embeddable":true,"href":"https:\/\/vagas.portalemprego.com.br\/index.php?rest_route=%2Fwp%2Fv2%2Fcomments&post=6745"}],"version-history":[{"count":0,"href":"https:\/\/vagas.portalemprego.com.br\/index.php?rest_route=\/wp\/v2\/posts\/6745\/revisions"}],"wp:attachment":[{"href":"https:\/\/vagas.portalemprego.com.br\/index.php?rest_route=%2Fwp%2Fv2%2Fmedia&parent=6745"}],"wp:term":[{"taxonomy":"category","embeddable":true,"href":"https:\/\/vagas.portalemprego.com.br\/index.php?rest_route=%2Fwp%2Fv2%2Fcategories&post=6745"},{"taxonomy":"post_tag","embeddable":true,"href":"https:\/\/vagas.portalemprego.com.br\/index.php?rest_route=%2Fwp%2Fv2%2Ftags&post=6745"}],"curies":[{"name":"wp","href":"https:\/\/api.w.org\/{rel}","templated":true}]}}