{"id":6747,"date":"2026-04-29T06:15:15","date_gmt":"2026-04-29T09:15:15","guid":{"rendered":"https:\/\/vagas.portalemprego.com.br\/?p=6747"},"modified":"2026-04-29T06:15:15","modified_gmt":"2026-04-29T09:15:15","slug":"vendedor-interno-celula-web-comercial-vendas-rio-de-janeiro","status":"publish","type":"post","link":"https:\/\/vagas.portalemprego.com.br\/?p=6747","title":{"rendered":"Vendedor Interno ( C\u00e9lula WEB) &#8211; Comercial, Vendas &#8211; Rio de Janeiro"},"content":{"rendered":"<p>Luandre em parceria com empresa de grande porte no segmento de automobilistico, contrata profissional para atuar como Vendedor Interno C\u00e9lula WEB para sua loja em Santa Cruz &#8211; RJ.<\/p>\n<p>Atividades<br \/>\n&#8211; Prospectar, qualificar e converter leads gerados pela equipe de marketing digital.<br \/>\n&#8211; Realizar follow-up com clientes em diferentes est\u00e1gios do funil de vendas.<br \/>\n&#8211; Negociar condi\u00e7\u00f5es e fechar contratos de cons\u00f3rcio de forma remota.<br \/>\n&#8211; Alimentar o CRM com informa\u00e7\u00f5es precisas e atualizadas.<br \/>\n&#8211; Atingir metas mensais de vendas e indicadores de desempenho (taxa de convers\u00e3o, ticket m\u00e9dio etc.).<br \/>\n&#8211; Trabalhar em colabora\u00e7\u00e3o com as \u00e1reas de marketing e p\u00f3s-venda.<\/p>\n<p>Requisitos:<br \/>\nExperi\u00eancia pr\u00e9via comprovada em vendas , preferencialmente de Cons\u00f3rcio e \/ou  Consignado<br \/>\nHabilidade para negociar e converter leads qualificados via internet (WhatsApp, e-mail, plataformas digitais).<br \/>\nDom\u00ednio de ferramentas digitais (CRM, planilhas, sistemas de atendimento online).<br \/>\nAlta capacidade de comunica\u00e7\u00e3o escrita e verbal (clareza, objetividade e profissionalismo).<br \/>\nFoco em metas e resili\u00eancia para lidar com obje\u00e7\u00f5es no processo comercial.<br \/>\nEnsino m\u00e9dio completo.<br \/>\nFacilidade de acesso a Santa Cruz &#8211; RJ<br \/>\nHor\u00e1rio de Atua\u00e7\u00e3o: Seg a Sex 8:00 \u00e0s 18:00 &#8211; S\u00e1b 08:00 \u00e0s 12:00h<\/p>\n<p>Benef\u00edcios:<br \/>\nM\u00ednimo Garantido: R$ 1.613,00 + Comiss\u00e3o sem limite de ganhos ( comiss\u00e3o de 1% sobre vendas + b\u00f4nus por cumprimento de metas + b\u00f4nus por adimpl\u00eancia + 0,8% na contempla\u00e7\u00e3o da moto.)<br \/>\nVale Transporte<br \/>\nVale Refei\u00e7\u00e3o \u2013 R$23,50 dia<br \/>\nVale Alimenta\u00e7\u00e3o \u2013 R$201,00 m\u00eas<br \/>\nPlano Odontol\u00f3gico<br \/>\nPlano de sa\u00fade <\/p>\n<p>Pe\u00e7o tamb\u00e9m que fa\u00e7a seu cadastro no nosso site no link https:\/\/candidato.luandre.com.br\/login<br \/>\nAt\u00e9 mais! Luandre Soluc\u00e7\u00f5es em RH<\/p>\n<ul>\n<li>N\u00famero de vagas: 10<\/li>\n<li>Local de trabalho: Rio de Janeiro, RJ<\/li>\n<li>Regime de contrata\u00e7\u00e3o de tipo: Efetivo \u2013 CLT<\/li>\n<li>Jornada: Per\u00edodo Integral<\/li>\n<li>\u00c1rea e especializa\u00e7\u00e3o profissional: Comercial, Vendas &#8211; Atendimento<\/li>\n<li>N\u00edvel hier\u00e1rquico: Assistente<\/li>\n<\/ul>\n<p>VALORIZADO<\/p>\n<p>Tempo de experi\u00eancia: Entre 1 e 3 anos<\/p>\n<p>HABILIDADES<\/p>\n<ul>\n<li>Vendas de Cons\u00f3rcio<\/li>\n<li>Vendas de Consignado<\/li>\n<li>Metas de alto valor<\/li>\n<\/ul>\n<p>Escolaridade M\u00ednima: Ensino M\u00e9dio (2\u00ba Grau)<\/p>\n<ul>\n<li>Assist\u00eancia m\u00e9dica<\/li>\n<li>Assist\u00eancia odontol\u00f3gica<\/li>\n<li>Vale-alimenta\u00e7\u00e3o<\/li>\n<li>Vale-refei\u00e7\u00e3o<\/li>\n<li>Aux\u00edlio farm\u00e1cia<\/li>\n<li>Vale-transporte<\/li>\n<\/ul>\n<p>Sal\u00e1rio: 5000,0<\/p>\n","protected":false},"excerpt":{"rendered":"<p>Luandre em parceria com empresa de grande porte no segmento de automobilistico, contrata profissional para atuar como Vendedor Interno C\u00e9lula WEB para sua loja em Santa Cruz &#8211; RJ. Atividades &#8211; Prospectar, qualificar e converter leads gerados pela equipe de marketing digital. &#8211; Realizar follow-up com clientes em diferentes est\u00e1gios do funil de vendas. &#8211; [&hellip;]<\/p>\n","protected":false},"author":1,"featured_media":0,"comment_status":"open","ping_status":"open","sticky":false,"template":"","format":"standard","meta":{"footnotes":""},"categories":[21],"tags":[],"class_list":["post-6747","post","type-post","status-publish","format-standard","hentry","category-rio-de-janeiro-rj"],"_links":{"self":[{"href":"https:\/\/vagas.portalemprego.com.br\/index.php?rest_route=\/wp\/v2\/posts\/6747","targetHints":{"allow":["GET"]}}],"collection":[{"href":"https:\/\/vagas.portalemprego.com.br\/index.php?rest_route=\/wp\/v2\/posts"}],"about":[{"href":"https:\/\/vagas.portalemprego.com.br\/index.php?rest_route=\/wp\/v2\/types\/post"}],"author":[{"embeddable":true,"href":"https:\/\/vagas.portalemprego.com.br\/index.php?rest_route=\/wp\/v2\/users\/1"}],"replies":[{"embeddable":true,"href":"https:\/\/vagas.portalemprego.com.br\/index.php?rest_route=%2Fwp%2Fv2%2Fcomments&post=6747"}],"version-history":[{"count":0,"href":"https:\/\/vagas.portalemprego.com.br\/index.php?rest_route=\/wp\/v2\/posts\/6747\/revisions"}],"wp:attachment":[{"href":"https:\/\/vagas.portalemprego.com.br\/index.php?rest_route=%2Fwp%2Fv2%2Fmedia&parent=6747"}],"wp:term":[{"taxonomy":"category","embeddable":true,"href":"https:\/\/vagas.portalemprego.com.br\/index.php?rest_route=%2Fwp%2Fv2%2Fcategories&post=6747"},{"taxonomy":"post_tag","embeddable":true,"href":"https:\/\/vagas.portalemprego.com.br\/index.php?rest_route=%2Fwp%2Fv2%2Ftags&post=6747"}],"curies":[{"name":"wp","href":"https:\/\/api.w.org\/{rel}","templated":true}]}}