{"id":6749,"date":"2026-04-29T06:15:15","date_gmt":"2026-04-29T09:15:15","guid":{"rendered":"https:\/\/vagas.portalemprego.com.br\/?p=6749"},"modified":"2026-04-29T06:15:15","modified_gmt":"2026-04-29T09:15:15","slug":"vendedor-tecnico-orcamentista-comercial-vendas-rio-de-janeiro","status":"publish","type":"post","link":"https:\/\/vagas.portalemprego.com.br\/?p=6749","title":{"rendered":"Vendedor\/T\u00e9cnico Or\u00e7amentista &#8211; Comercial, Vendas &#8211; Rio de Janeiro"},"content":{"rendered":"<p>Atividades:<\/p>\n<p>&#8211; Atendimento ao cliente;<br \/>\n&#8211; Elabora\u00e7\u00e3o de or\u00e7amentos;<br \/>\n&#8211; Capta\u00e7\u00e3o de novos clientes;<br \/>\n&#8211; Cota\u00e7\u00e3o fornecedores.<\/p>\n<p>Requisitos e qualifica\u00e7\u00f5es:<br \/>\n&#8211; No\u00e7\u00e3o de bombas hidr\u00e1ulicas e motores. <\/p>\n<p>Desej\u00e1vel:<br \/>\n&#8211; Conhecimento no Pacote office e em emiss\u00e3o notas.<\/p>\n<ul>\n<li>Local de trabalho: Rio de Janeiro, RJ<\/li>\n<li>Regime de contrata\u00e7\u00e3o de tipo: Efetivo \u2013 CLT<\/li>\n<li>Jornada: Per\u00edodo Integral<\/li>\n<li>\u00c1rea e especializa\u00e7\u00e3o profissional: Comercial, Vendas &#8211; Atendimento<\/li>\n<li>N\u00edvel hier\u00e1rquico: Operacional<\/li>\n<\/ul>\n<p>VALORIZADO<\/p>\n<p>Tempo de experi\u00eancia: Menos de 1 ano<\/p>\n<p>Escolaridade M\u00ednima: Ensino M\u00e9dio (2\u00ba Grau)<\/p>\n<ul>\n<li>Vale transporte<\/li>\n<li>Comiss\u00e3o<\/li>\n<\/ul>\n<p>Sal\u00e1rio: 1800,0<\/p>\n","protected":false},"excerpt":{"rendered":"<p>Atividades: &#8211; Atendimento ao cliente; &#8211; Elabora\u00e7\u00e3o de or\u00e7amentos; &#8211; Capta\u00e7\u00e3o de novos clientes; &#8211; Cota\u00e7\u00e3o fornecedores. Requisitos e qualifica\u00e7\u00f5es: &#8211; No\u00e7\u00e3o de bombas hidr\u00e1ulicas e motores. Desej\u00e1vel: &#8211; Conhecimento no Pacote office e em emiss\u00e3o notas. Local de trabalho: Rio de Janeiro, RJ Regime de contrata\u00e7\u00e3o de tipo: Efetivo \u2013 CLT Jornada: Per\u00edodo Integral [&hellip;]<\/p>\n","protected":false},"author":1,"featured_media":0,"comment_status":"open","ping_status":"open","sticky":false,"template":"","format":"standard","meta":{"footnotes":""},"categories":[21],"tags":[],"class_list":["post-6749","post","type-post","status-publish","format-standard","hentry","category-rio-de-janeiro-rj"],"_links":{"self":[{"href":"https:\/\/vagas.portalemprego.com.br\/index.php?rest_route=\/wp\/v2\/posts\/6749","targetHints":{"allow":["GET"]}}],"collection":[{"href":"https:\/\/vagas.portalemprego.com.br\/index.php?rest_route=\/wp\/v2\/posts"}],"about":[{"href":"https:\/\/vagas.portalemprego.com.br\/index.php?rest_route=\/wp\/v2\/types\/post"}],"author":[{"embeddable":true,"href":"https:\/\/vagas.portalemprego.com.br\/index.php?rest_route=\/wp\/v2\/users\/1"}],"replies":[{"embeddable":true,"href":"https:\/\/vagas.portalemprego.com.br\/index.php?rest_route=%2Fwp%2Fv2%2Fcomments&post=6749"}],"version-history":[{"count":0,"href":"https:\/\/vagas.portalemprego.com.br\/index.php?rest_route=\/wp\/v2\/posts\/6749\/revisions"}],"wp:attachment":[{"href":"https:\/\/vagas.portalemprego.com.br\/index.php?rest_route=%2Fwp%2Fv2%2Fmedia&parent=6749"}],"wp:term":[{"taxonomy":"category","embeddable":true,"href":"https:\/\/vagas.portalemprego.com.br\/index.php?rest_route=%2Fwp%2Fv2%2Fcategories&post=6749"},{"taxonomy":"post_tag","embeddable":true,"href":"https:\/\/vagas.portalemprego.com.br\/index.php?rest_route=%2Fwp%2Fv2%2Ftags&post=6749"}],"curies":[{"name":"wp","href":"https:\/\/api.w.org\/{rel}","templated":true}]}}