{"id":6752,"date":"2026-04-29T06:15:15","date_gmt":"2026-04-29T09:15:15","guid":{"rendered":"https:\/\/vagas.portalemprego.com.br\/?p=6752"},"modified":"2026-04-29T06:15:15","modified_gmt":"2026-04-29T09:15:15","slug":"gerente-de-restaurante-delivery-alimentacao-gastronomia-rio-de-janeiro","status":"publish","type":"post","link":"https:\/\/vagas.portalemprego.com.br\/?p=6752","title":{"rendered":"Gerente de Restaurante &#8211; Delivery &#8211; Alimenta\u00e7\u00e3o \/ Gastronomia &#8211; Rio de Janeiro"},"content":{"rendered":"<p>A T\u00e1tico Talentos est\u00e1 em busca de profissionais para atuar como Gerente em alguns de nossos parceiros. Se voc\u00ea \u00e9 um l\u00edder motivado, com experi\u00eancia em gest\u00e3o de equipes e no setor de alimenta\u00e7\u00e3o, essa oportunidade \u00e9 para voc\u00ea!<\/p>\n<p>Localidades:<br \/>\n&#8211; Vista Alegre e Rocha Miranda (02 vagas) &#8211; Zona Norte<br \/>\n&#8211; Barra da Tijuca (02 vagas) &#8211; Zona Oeste <\/p>\n<p>Responsabilidades:<br \/>\n&#8211; Gerenciar as opera\u00e7\u00f5es di\u00e1rias do restaurante, garantindo o cumprimento de padr\u00f5es de qualidade e servi\u00e7o.<br \/>\n&#8211; Liderar e motivar a equipe, promovendo um ambiente colaborativo e de alto desempenho.<br \/>\n&#8211; Monitorar e controlar indicadores de desempenho, como vendas, custos e satisfa\u00e7\u00e3o do cliente.<br \/>\n&#8211; Realizar a gest\u00e3o de estoque, compras e acompanhamento de fornecedores.<br \/>\n&#8211; Trabalhar junto \u00e0 dire\u00e7\u00e3o. <\/p>\n<p>Requisitos:<br \/>\n&#8211; Experi\u00eancia  como gerente ou coordenador em restaurantes ou estabelecimentos de alimenta\u00e7\u00e3o.<br \/>\n&#8211; Habilidades de lideran\u00e7a e gest\u00e3o de equipes, com foco em resultados e qualidade no atendimento.<br \/>\n&#8211; Conhecimento em gest\u00e3o de estoque, controle financeiro e elabora\u00e7\u00e3o de relat\u00f3rios (DRE &#8211; TM &#8211; CMV) .<\/p>\n<p>Sobre a vaga:<br \/>\n&#8211; Contrata\u00e7\u00e3o: CLT<br \/>\n&#8211; Remunera\u00e7\u00e3o: R$ 4.000,00 a R$ 6.000,00 + comiss\u00e3o<br \/>\n&#8211; VT<br \/>\n&#8211; Alimenta\u00e7\u00e3o no local<br \/>\n&#8211; Escala: 6&#215;1<br \/>\n&#8211; Turno: DIA e NOITE (importante ter disponibilidade total)<\/p>\n<p>Se identificou? Envie seu curr\u00edculo para n\u00f3s !<\/p>\n<ul>\n<li>N\u00famero de vagas: 4<\/li>\n<li>Local de trabalho: Rio de Janeiro, RJ<\/li>\n<li>Regime de contrata\u00e7\u00e3o de tipo: Efetivo \u2013 CLT<\/li>\n<li>Jornada: Per\u00edodo Integral<\/li>\n<li>\u00c1rea e especializa\u00e7\u00e3o profissional: Alimenta\u00e7\u00e3o \/ Gastronomia &#8211; Gastronomia<\/li>\n<li>N\u00edvel hier\u00e1rquico: Gerente<\/li>\n<\/ul>\n<p>VALORIZADO<\/p>\n<p>Tempo de experi\u00eancia: Entre 1 e 3 anos<\/p>\n<p>Escolaridade M\u00ednima: Ensino M\u00e9dio (2\u00ba Grau)<\/p>\n","protected":false},"excerpt":{"rendered":"<p>A T\u00e1tico Talentos est\u00e1 em busca de profissionais para atuar como Gerente em alguns de nossos parceiros. Se voc\u00ea \u00e9 um l\u00edder motivado, com experi\u00eancia em gest\u00e3o de equipes e no setor de alimenta\u00e7\u00e3o, essa oportunidade \u00e9 para voc\u00ea! Localidades: &#8211; Vista Alegre e Rocha Miranda (02 vagas) &#8211; Zona Norte &#8211; Barra da Tijuca [&hellip;]<\/p>\n","protected":false},"author":1,"featured_media":0,"comment_status":"open","ping_status":"open","sticky":false,"template":"","format":"standard","meta":{"footnotes":""},"categories":[21],"tags":[],"class_list":["post-6752","post","type-post","status-publish","format-standard","hentry","category-rio-de-janeiro-rj"],"_links":{"self":[{"href":"https:\/\/vagas.portalemprego.com.br\/index.php?rest_route=\/wp\/v2\/posts\/6752","targetHints":{"allow":["GET"]}}],"collection":[{"href":"https:\/\/vagas.portalemprego.com.br\/index.php?rest_route=\/wp\/v2\/posts"}],"about":[{"href":"https:\/\/vagas.portalemprego.com.br\/index.php?rest_route=\/wp\/v2\/types\/post"}],"author":[{"embeddable":true,"href":"https:\/\/vagas.portalemprego.com.br\/index.php?rest_route=\/wp\/v2\/users\/1"}],"replies":[{"embeddable":true,"href":"https:\/\/vagas.portalemprego.com.br\/index.php?rest_route=%2Fwp%2Fv2%2Fcomments&post=6752"}],"version-history":[{"count":0,"href":"https:\/\/vagas.portalemprego.com.br\/index.php?rest_route=\/wp\/v2\/posts\/6752\/revisions"}],"wp:attachment":[{"href":"https:\/\/vagas.portalemprego.com.br\/index.php?rest_route=%2Fwp%2Fv2%2Fmedia&parent=6752"}],"wp:term":[{"taxonomy":"category","embeddable":true,"href":"https:\/\/vagas.portalemprego.com.br\/index.php?rest_route=%2Fwp%2Fv2%2Fcategories&post=6752"},{"taxonomy":"post_tag","embeddable":true,"href":"https:\/\/vagas.portalemprego.com.br\/index.php?rest_route=%2Fwp%2Fv2%2Ftags&post=6752"}],"curies":[{"name":"wp","href":"https:\/\/api.w.org\/{rel}","templated":true}]}}