{"id":6757,"date":"2026-04-29T06:15:15","date_gmt":"2026-04-29T09:15:15","guid":{"rendered":"https:\/\/vagas.portalemprego.com.br\/?p=6757"},"modified":"2026-04-29T06:15:15","modified_gmt":"2026-04-29T09:15:15","slug":"mecanico-de-refrigeracao-construcao-manutencao-rio-de-janeiro-20","status":"publish","type":"post","link":"https:\/\/vagas.portalemprego.com.br\/?p=6757","title":{"rendered":"Mec\u00e2nico de Refrigera\u00e7\u00e3o &#8211; Constru\u00e7\u00e3o, Manuten\u00e7\u00e3o &#8211; Rio de Janeiro"},"content":{"rendered":"<p>Experi\u00eancia m\u00ednima comprovada na fun\u00e7\u00e3o de 02 anos em manuten\u00e7\u00e3o el\u00e9trica predial de alta tens\u00e3o (Quadros el\u00e9tricos, troca de l\u00e2mpadas, conserto de tomadas, execu\u00e7\u00e3o de provis\u00f3rias para demandas extras, etc.), comandos el\u00e9tricos. O mesmo deve apresentar o certificado do Curso T\u00e9cnico, SEP e<br \/>\n da NR10.  Auxiliar a equipe de manuten\u00e7\u00e3o el\u00e9trica e mec\u00e2nica nas atividades corretiva e preventiva da Unidade<\/p>\n<ul>\n<li>Local de trabalho: Rio de Janeiro, RJ<\/li>\n<li>Regime de contrata\u00e7\u00e3o de tipo: Tempor\u00e1rio<\/li>\n<li>Jornada: Per\u00edodo Integral<\/li>\n<li>\u00c1rea e especializa\u00e7\u00e3o profissional: Constru\u00e7\u00e3o, Manuten\u00e7\u00e3o &#8211; Eletricista \/ Manuten\u00e7\u00e3o El\u00e9trica<\/li>\n<li>N\u00edvel hier\u00e1rquico: Auxiliar<\/li>\n<\/ul>\n<p>VALORIZADO<\/p>\n<p>Tempo de experi\u00eancia: Entre 1 e 3 anos<\/p>\n<p>HABILIDADES<\/p>\n<ul>\n<li>T\u00e9cnico  Eletromec\u00e2nico<\/li>\n<li>T\u00e9cnico de refrigera\u00e7\u00e3o<\/li>\n<\/ul>\n<p>Escolaridade M\u00ednima: Curso T\u00e9cnico<\/p>\n<ul>\n<li>Vale-refei\u00e7\u00e3o<\/li>\n<li>Vale-alimenta\u00e7\u00e3o<\/li>\n<\/ul>\n<p>Sal\u00e1rio: 2380,35<\/p>\n","protected":false},"excerpt":{"rendered":"<p>Experi\u00eancia m\u00ednima comprovada na fun\u00e7\u00e3o de 02 anos em manuten\u00e7\u00e3o el\u00e9trica predial de alta tens\u00e3o (Quadros el\u00e9tricos, troca de l\u00e2mpadas, conserto de tomadas, execu\u00e7\u00e3o de provis\u00f3rias para demandas extras, etc.), comandos el\u00e9tricos. O mesmo deve apresentar o certificado do Curso T\u00e9cnico, SEP e da NR10. Auxiliar a equipe de manuten\u00e7\u00e3o el\u00e9trica e mec\u00e2nica nas atividades [&hellip;]<\/p>\n","protected":false},"author":1,"featured_media":0,"comment_status":"open","ping_status":"open","sticky":false,"template":"","format":"standard","meta":{"footnotes":""},"categories":[21],"tags":[],"class_list":["post-6757","post","type-post","status-publish","format-standard","hentry","category-rio-de-janeiro-rj"],"_links":{"self":[{"href":"https:\/\/vagas.portalemprego.com.br\/index.php?rest_route=\/wp\/v2\/posts\/6757","targetHints":{"allow":["GET"]}}],"collection":[{"href":"https:\/\/vagas.portalemprego.com.br\/index.php?rest_route=\/wp\/v2\/posts"}],"about":[{"href":"https:\/\/vagas.portalemprego.com.br\/index.php?rest_route=\/wp\/v2\/types\/post"}],"author":[{"embeddable":true,"href":"https:\/\/vagas.portalemprego.com.br\/index.php?rest_route=\/wp\/v2\/users\/1"}],"replies":[{"embeddable":true,"href":"https:\/\/vagas.portalemprego.com.br\/index.php?rest_route=%2Fwp%2Fv2%2Fcomments&post=6757"}],"version-history":[{"count":0,"href":"https:\/\/vagas.portalemprego.com.br\/index.php?rest_route=\/wp\/v2\/posts\/6757\/revisions"}],"wp:attachment":[{"href":"https:\/\/vagas.portalemprego.com.br\/index.php?rest_route=%2Fwp%2Fv2%2Fmedia&parent=6757"}],"wp:term":[{"taxonomy":"category","embeddable":true,"href":"https:\/\/vagas.portalemprego.com.br\/index.php?rest_route=%2Fwp%2Fv2%2Fcategories&post=6757"},{"taxonomy":"post_tag","embeddable":true,"href":"https:\/\/vagas.portalemprego.com.br\/index.php?rest_route=%2Fwp%2Fv2%2Ftags&post=6757"}],"curies":[{"name":"wp","href":"https:\/\/api.w.org\/{rel}","templated":true}]}}