{"id":6760,"date":"2026-04-29T06:15:15","date_gmt":"2026-04-29T09:15:15","guid":{"rendered":"https:\/\/vagas.portalemprego.com.br\/?p=6760"},"modified":"2026-04-29T06:15:15","modified_gmt":"2026-04-29T09:15:15","slug":"cortador-industrial-producao-fabrica-rio-de-janeiro","status":"publish","type":"post","link":"https:\/\/vagas.portalemprego.com.br\/?p=6760","title":{"rendered":"Cortador &#8211; Industrial, Produ\u00e7\u00e3o, F\u00e1brica &#8211; Rio de Janeiro"},"content":{"rendered":"<p>Descri\u00e7\u00e3o do Cargo:<br \/>\n\u2022\tOrganizar o setor<br \/>\n\u2022\tEnfestar e riscar material<br \/>\n\u2022\tSeparar e realizar a contagem do material<br \/>\n\u2022\tRealizar a libera\u00e7\u00e3o de material<br \/>\n\u2022\tAuxiliar no controle de materiais cortados<br \/>\n\u2022\tManusear equipamento de corte<\/p>\n<p>Conhecimentos Obrigat\u00f3rios:<br \/>\n\u2022\tC\u00e1lculo, t\u00e9cnicas de corte<br \/>\n\u2022\tNo\u00e7\u00f5es de inform\u00e1tica<br \/>\n\u2022\tNo\u00e7\u00f5es de modelagem<\/p>\n<p>Habilidades Espec\u00edficas:<br \/>\n\u2022\tTrabalho em equipe<br \/>\n\u2022\tBom relacionamento interpessoal<br \/>\n\u2022\tDemonstrar agilidade<br \/>\n\u2022\tDemonstrar aten\u00e7\u00e3o<\/p>\n<ul>\n<li>Local de trabalho: Rio de Janeiro, RJ<\/li>\n<li>Regime de contrata\u00e7\u00e3o de tipo: Efetivo \u2013 CLT<\/li>\n<li>Jornada: Per\u00edodo Integral<\/li>\n<li>\u00c1rea e especializa\u00e7\u00e3o profissional: Industrial, Produ\u00e7\u00e3o, F\u00e1brica &#8211; Operador de M\u00e1quinas<\/li>\n<li>N\u00edvel hier\u00e1rquico: Operacional<\/li>\n<\/ul>\n<p>VALORIZADO<\/p>\n<p>Tempo de experi\u00eancia: Entre 1 e 3 anos<\/p>\n<p>Escolaridade M\u00ednima: Ensino M\u00e9dio (2\u00ba Grau)<\/p>\n<ul>\n<li>Cesta b\u00e1sica<\/li>\n<li>Vale-transporte<\/li>\n<li>Plano de Sa\u00fade<\/li>\n<li>Plano Odontologico<\/li>\n<li>Aux\u00edlio Educa\u00e7\u00e3o<\/li>\n<\/ul>\n<p>Sal\u00e1rio: 2412,46<\/p>\n","protected":false},"excerpt":{"rendered":"<p>Descri\u00e7\u00e3o do Cargo: \u2022 Organizar o setor \u2022 Enfestar e riscar material \u2022 Separar e realizar a contagem do material \u2022 Realizar a libera\u00e7\u00e3o de material \u2022 Auxiliar no controle de materiais cortados \u2022 Manusear equipamento de corte Conhecimentos Obrigat\u00f3rios: \u2022 C\u00e1lculo, t\u00e9cnicas de corte \u2022 No\u00e7\u00f5es de inform\u00e1tica \u2022 No\u00e7\u00f5es de modelagem Habilidades Espec\u00edficas: [&hellip;]<\/p>\n","protected":false},"author":1,"featured_media":0,"comment_status":"open","ping_status":"open","sticky":false,"template":"","format":"standard","meta":{"footnotes":""},"categories":[21],"tags":[],"class_list":["post-6760","post","type-post","status-publish","format-standard","hentry","category-rio-de-janeiro-rj"],"_links":{"self":[{"href":"https:\/\/vagas.portalemprego.com.br\/index.php?rest_route=\/wp\/v2\/posts\/6760","targetHints":{"allow":["GET"]}}],"collection":[{"href":"https:\/\/vagas.portalemprego.com.br\/index.php?rest_route=\/wp\/v2\/posts"}],"about":[{"href":"https:\/\/vagas.portalemprego.com.br\/index.php?rest_route=\/wp\/v2\/types\/post"}],"author":[{"embeddable":true,"href":"https:\/\/vagas.portalemprego.com.br\/index.php?rest_route=\/wp\/v2\/users\/1"}],"replies":[{"embeddable":true,"href":"https:\/\/vagas.portalemprego.com.br\/index.php?rest_route=%2Fwp%2Fv2%2Fcomments&post=6760"}],"version-history":[{"count":0,"href":"https:\/\/vagas.portalemprego.com.br\/index.php?rest_route=\/wp\/v2\/posts\/6760\/revisions"}],"wp:attachment":[{"href":"https:\/\/vagas.portalemprego.com.br\/index.php?rest_route=%2Fwp%2Fv2%2Fmedia&parent=6760"}],"wp:term":[{"taxonomy":"category","embeddable":true,"href":"https:\/\/vagas.portalemprego.com.br\/index.php?rest_route=%2Fwp%2Fv2%2Fcategories&post=6760"},{"taxonomy":"post_tag","embeddable":true,"href":"https:\/\/vagas.portalemprego.com.br\/index.php?rest_route=%2Fwp%2Fv2%2Ftags&post=6760"}],"curies":[{"name":"wp","href":"https:\/\/api.w.org\/{rel}","templated":true}]}}