{"id":6762,"date":"2026-04-29T06:16:16","date_gmt":"2026-04-29T09:16:16","guid":{"rendered":"https:\/\/vagas.portalemprego.com.br\/?p=6762"},"modified":"2026-04-29T06:16:16","modified_gmt":"2026-04-29T09:16:16","slug":"analista-de-ti-informatica-ti-telecomunicacoes-rio-de-janeiro-2","status":"publish","type":"post","link":"https:\/\/vagas.portalemprego.com.br\/?p=6762","title":{"rendered":"Analista de TI &#8211; Inform\u00e1tica, TI, Telecomunica\u00e7\u00f5es &#8211; Rio de Janeiro"},"content":{"rendered":"<p>Oportunidade de Analista de TI na EBAM \u2013 Empresa Brasileira de Agregados Minerais<\/p>\n<p>Estamos em busca de um profissional din\u00e2mico e inovador para se juntar \u00e0 nossa equipe de Tecnologia da Informa\u00e7\u00e3o.<br \/>\nComo Analista de TI, voc\u00ea ser\u00e1 respons\u00e1vel por garantir a seguran\u00e7a e a efici\u00eancia dos sistemas de informa\u00e7\u00e3o da empresa, al\u00e9m de fornecer suporte t\u00e9cnico para os usu\u00e1rios internos.<\/p>\n<p>Sua fun\u00e7\u00e3o ser\u00e1 crucial para o desenvolvimento e manuten\u00e7\u00e3o de solu\u00e7\u00f5es tecnol\u00f3gicas que apoiem as opera\u00e7\u00f5es da EBAM.<br \/>\nVoc\u00ea trabalhar\u00e1 em estreita colabora\u00e7\u00e3o com outras \u00e1reas para identificar e resolver problemas t\u00e9cnicos, implementando melhorias cont\u00ednuas nos sistemas existentes.<br \/>\nAl\u00e9m disso, ser\u00e1 respons\u00e1vel por monitorar a performance dos sistemas, realizar atualiza\u00e7\u00f5es e garantir a conformidade com as pol\u00edticas de seguran\u00e7a da informa\u00e7\u00e3o.<\/p>\n<p>Experi\u00eancia em administra\u00e7\u00e3o de sistemas, redes e seguran\u00e7a da informa\u00e7\u00e3o \u00e9 essencial.<br \/>\nConhecimento em ferramentas de gerenciamento de TI e boas pr\u00e1ticas de desenvolvimento de software s\u00e3o altamente valorizados.<br \/>\nO candidato ideal deve demonstrar habilidades anal\u00edticas, capacidade de resolu\u00e7\u00e3o de problemas e uma atitude proativa.<\/p>\n<p>A EBAM valoriza um ambiente de trabalho colaborativo e inovador, onde cada membro da equipe contribui para o sucesso da organiza\u00e7\u00e3o.<br \/>\nSe voc\u00ea est\u00e1 buscando um desafio que combine sua paix\u00e3o por tecnologia com um impacto significativo em uma empresa l\u00edder no setor de agregados minerais, esta \u00e9 uma oportunidade que voc\u00ea n\u00e3o pode perder.<\/p>\n<p>Junte-se \u00e0 EBAM e fa\u00e7a parte de uma equipe dedicada a transformar desafios em solu\u00e7\u00f5es inovadoras!<\/p>\n<ul>\n<li>Local de trabalho: Rio de Janeiro, RJ<\/li>\n<li>Regime de contrata\u00e7\u00e3o de tipo: Efetivo \u2013 CLT<\/li>\n<li>Jornada: Per\u00edodo Integral<\/li>\n<li>\u00c1rea e especializa\u00e7\u00e3o profissional: Inform\u00e1tica, TI, Telecomunica\u00e7\u00f5es &#8211; TI<\/li>\n<li>N\u00edvel hier\u00e1rquico: Analista<\/li>\n<\/ul>\n<p>HABILIDADES<\/p>\n<ul>\n<li>REDES DE COMPUTADORES<\/li>\n<li>SISTEMAS OPERACIONAIS<\/li>\n<li>BOA COMUNICA\u00c7\u00c3O<\/li>\n<li>TRABALHO EM EQUIPE<\/li>\n<\/ul>\n<p>Escolaridade M\u00ednima: Ensino Superior<\/p>\n<p>Forma\u00e7\u00e3o desejada:<\/p>\n<ul>\n<li>Ci\u00eancias da computa\u00e7\u00e3o, Ensino Superior<\/li>\n<li>Engenharia da computa\u00e7\u00e3o, Ensino Superior<\/li>\n<li>Tecnologia da Informa\u00e7\u00e3o, Ensino Superior<\/li>\n<\/ul>\n<ul>\n<li>PL<\/li>\n<li>SEGURO DE VIDA<\/li>\n<li>VALE ALIMENTA\u00c7\u00c3O\/REFEI\u00c7\u00c3O<\/li>\n<li>VALE TRANSPORTE<\/li>\n<li>PLANO DE SAUDE<\/li>\n<\/ul>\n<p>Sal\u00e1rio: 4500,0<\/p>\n","protected":false},"excerpt":{"rendered":"<p>Oportunidade de Analista de TI na EBAM \u2013 Empresa Brasileira de Agregados Minerais Estamos em busca de um profissional din\u00e2mico e inovador para se juntar \u00e0 nossa equipe de Tecnologia da Informa\u00e7\u00e3o. Como Analista de TI, voc\u00ea ser\u00e1 respons\u00e1vel por garantir a seguran\u00e7a e a efici\u00eancia dos sistemas de informa\u00e7\u00e3o da empresa, al\u00e9m de fornecer [&hellip;]<\/p>\n","protected":false},"author":1,"featured_media":0,"comment_status":"open","ping_status":"open","sticky":false,"template":"","format":"standard","meta":{"footnotes":""},"categories":[21],"tags":[],"class_list":["post-6762","post","type-post","status-publish","format-standard","hentry","category-rio-de-janeiro-rj"],"_links":{"self":[{"href":"https:\/\/vagas.portalemprego.com.br\/index.php?rest_route=\/wp\/v2\/posts\/6762","targetHints":{"allow":["GET"]}}],"collection":[{"href":"https:\/\/vagas.portalemprego.com.br\/index.php?rest_route=\/wp\/v2\/posts"}],"about":[{"href":"https:\/\/vagas.portalemprego.com.br\/index.php?rest_route=\/wp\/v2\/types\/post"}],"author":[{"embeddable":true,"href":"https:\/\/vagas.portalemprego.com.br\/index.php?rest_route=\/wp\/v2\/users\/1"}],"replies":[{"embeddable":true,"href":"https:\/\/vagas.portalemprego.com.br\/index.php?rest_route=%2Fwp%2Fv2%2Fcomments&post=6762"}],"version-history":[{"count":0,"href":"https:\/\/vagas.portalemprego.com.br\/index.php?rest_route=\/wp\/v2\/posts\/6762\/revisions"}],"wp:attachment":[{"href":"https:\/\/vagas.portalemprego.com.br\/index.php?rest_route=%2Fwp%2Fv2%2Fmedia&parent=6762"}],"wp:term":[{"taxonomy":"category","embeddable":true,"href":"https:\/\/vagas.portalemprego.com.br\/index.php?rest_route=%2Fwp%2Fv2%2Fcategories&post=6762"},{"taxonomy":"post_tag","embeddable":true,"href":"https:\/\/vagas.portalemprego.com.br\/index.php?rest_route=%2Fwp%2Fv2%2Ftags&post=6762"}],"curies":[{"name":"wp","href":"https:\/\/api.w.org\/{rel}","templated":true}]}}