{"id":6763,"date":"2026-04-29T06:16:16","date_gmt":"2026-04-29T09:16:16","guid":{"rendered":"https:\/\/vagas.portalemprego.com.br\/?p=6763"},"modified":"2026-04-29T06:16:16","modified_gmt":"2026-04-29T09:16:16","slug":"assistente-projetista-de-arquitetura-arquitetura-decoracao-design-sao-joao-de-meriti","status":"publish","type":"post","link":"https:\/\/vagas.portalemprego.com.br\/?p=6763","title":{"rendered":"Assistente Projetista de Arquitetura &#8211; Arquitetura, Decora\u00e7\u00e3o, Design &#8211; S\u00e3o Jo\u00e3o de Meriti"},"content":{"rendered":"<p>ATRIBUI\u00c7\u00c3O DO CARGO\/RESPONSABILIDADE<br \/>\n&#8211; Analisar as ordens de servi\u00e7os, editora\u00e7\u00e3o eletr\u00f4nica e reprodu\u00e7\u00e3o da arte;<br \/>\n&#8211; Realizar o fechamento do arquivo para sa\u00edda de Bureau, nos processos de impress\u00e3o em flexografia, tipografia, serigrafia, off-set e digital;<br \/>\n&#8211; Entender a necessidade do cliente, criando ideias buscando melhor custo e designer moderno.<br \/>\n&#8211; Analisar o arquivo do cliente e aprova\u00e7\u00e3o final, liberando o correto para confec\u00e7\u00e3o<br \/>\n&#8211; Criar e preparar imagens de qualidade para \u00e1rea gr\u00e1fica, web e fotografia.<br \/>\n&#8211; Confec\u00e7\u00e3o de desenhos t\u00e9cnicos para o processo;<br \/>\n&#8211; Buscar informa\u00e7\u00f5es de t\u00e9cnicas de produ\u00e7\u00e3o para otimiza\u00e7\u00e3o dos custos na confec\u00e7\u00e3o dos m\u00f3veis;<br \/>\n&#8211; Acompanhar o processo para melhor compreens\u00e3o das etapas.\t\t\t\t\t\t\t\t\t\t\t<\/p>\n<p>Requisito:<br \/>\n&#8211; Gradua\u00e7\u00e3o em Designer de Interiores ou \u00e1reas correlatas;<br \/>\n&#8211; Completo ou cursando o T\u00e9cnico em Projetos de m\u00f3veis ou afins;<br \/>\n&#8211; Curso de Autocad e medi\u00e7\u00e3o industrial conclu\u00eddos;<br \/>\n&#8211; Cursos Espec\u00edficos: Photoshop \/ Indesign \/ Sketchup \/ V-ray \/ Autocad \/Corel<br \/>\n&#8211; Experi\u00eancia na fun\u00e7\u00e3o.<\/p>\n<ul>\n<li>Local de trabalho: S\u00e3o Jo\u00e3o de Meriti, RJ<\/li>\n<li>Regime de contrata\u00e7\u00e3o de tipo: Efetivo \u2013 CLT<\/li>\n<li>Jornada: Per\u00edodo Integral<\/li>\n<li>\u00c1rea e especializa\u00e7\u00e3o profissional: Arquitetura, Decora\u00e7\u00e3o, Design &#8211; Arquitetura, Urbanismo<\/li>\n<li>N\u00edvel hier\u00e1rquico: Assistente<\/li>\n<\/ul>\n<p>VALORIZADO<\/p>\n<p>Tempo de experi\u00eancia: Entre 1 e 3 anos<\/p>\n<p>Escolaridade M\u00ednima: Ensino Superior<\/p>\n","protected":false},"excerpt":{"rendered":"<p>ATRIBUI\u00c7\u00c3O DO CARGO\/RESPONSABILIDADE &#8211; Analisar as ordens de servi\u00e7os, editora\u00e7\u00e3o eletr\u00f4nica e reprodu\u00e7\u00e3o da arte; &#8211; Realizar o fechamento do arquivo para sa\u00edda de Bureau, nos processos de impress\u00e3o em flexografia, tipografia, serigrafia, off-set e digital; &#8211; Entender a necessidade do cliente, criando ideias buscando melhor custo e designer moderno. &#8211; Analisar o arquivo do [&hellip;]<\/p>\n","protected":false},"author":1,"featured_media":0,"comment_status":"open","ping_status":"open","sticky":false,"template":"","format":"standard","meta":{"footnotes":""},"categories":[21],"tags":[],"class_list":["post-6763","post","type-post","status-publish","format-standard","hentry","category-rio-de-janeiro-rj"],"_links":{"self":[{"href":"https:\/\/vagas.portalemprego.com.br\/index.php?rest_route=\/wp\/v2\/posts\/6763","targetHints":{"allow":["GET"]}}],"collection":[{"href":"https:\/\/vagas.portalemprego.com.br\/index.php?rest_route=\/wp\/v2\/posts"}],"about":[{"href":"https:\/\/vagas.portalemprego.com.br\/index.php?rest_route=\/wp\/v2\/types\/post"}],"author":[{"embeddable":true,"href":"https:\/\/vagas.portalemprego.com.br\/index.php?rest_route=\/wp\/v2\/users\/1"}],"replies":[{"embeddable":true,"href":"https:\/\/vagas.portalemprego.com.br\/index.php?rest_route=%2Fwp%2Fv2%2Fcomments&post=6763"}],"version-history":[{"count":0,"href":"https:\/\/vagas.portalemprego.com.br\/index.php?rest_route=\/wp\/v2\/posts\/6763\/revisions"}],"wp:attachment":[{"href":"https:\/\/vagas.portalemprego.com.br\/index.php?rest_route=%2Fwp%2Fv2%2Fmedia&parent=6763"}],"wp:term":[{"taxonomy":"category","embeddable":true,"href":"https:\/\/vagas.portalemprego.com.br\/index.php?rest_route=%2Fwp%2Fv2%2Fcategories&post=6763"},{"taxonomy":"post_tag","embeddable":true,"href":"https:\/\/vagas.portalemprego.com.br\/index.php?rest_route=%2Fwp%2Fv2%2Ftags&post=6763"}],"curies":[{"name":"wp","href":"https:\/\/api.w.org\/{rel}","templated":true}]}}