{"id":6764,"date":"2026-04-29T06:16:16","date_gmt":"2026-04-29T09:16:16","guid":{"rendered":"https:\/\/vagas.portalemprego.com.br\/?p=6764"},"modified":"2026-04-29T06:16:16","modified_gmt":"2026-04-29T09:16:16","slug":"vendedor-interno-de-showroom-comercial-vendas-rio-de-janeiro","status":"publish","type":"post","link":"https:\/\/vagas.portalemprego.com.br\/?p=6764","title":{"rendered":"Vendedor Interno de Showroom &#8211; Comercial, Vendas &#8211; Rio de Janeiro"},"content":{"rendered":"<p>Luandre em parceria com empresa de grande porte no segmento de automobilistico, contrata profissional para atuar como Vendedor Interno para sua nova loja em Copacabana &#8211; RJ.<\/p>\n<p>Atividades<br \/>\nProspectar novos clientes e realizar vendas internas de produtos da Honda.<br \/>\nDesenvolver estrat\u00e9gias de vendas eficazes para alcan\u00e7ar metas individuais e da equipe.<br \/>\nManter relacionamento pr\u00f3ximo com clientes atuais e potenciais, garantindo um atendimento de alto n\u00edvel e satisfa\u00e7\u00e3o.<br \/>\nParticipar ativamente de treinamentos oferecidos pela empresa para aprimoramento t\u00e9cnico e comercial.<\/p>\n<p>Requisitos:<br \/>\nExperi\u00eancia pr\u00e9via comprovada em vendas , preferencialmente no setor automotivo e de alto poder aquisitivo.<br \/>\nHabilidade para trabalhar de forma independente, gerenciar seu pr\u00f3prio tempo e priorizar tarefas conforme necess\u00e1rio.<br \/>\nExcelentes habilidades de comunica\u00e7\u00e3o e negocia\u00e7\u00e3o, com capacidade para influenciar decis\u00f5es de compra.<br \/>\nConhecimento do mercado automotivo e interesse pela marca Honda ser\u00e3o considerados diferenciais.<br \/>\nEnsino m\u00e9dio completo.<br \/>\nFacilidade de acesso a uma das regi\u00f5es citadas acima.<br \/>\nHor\u00e1rio de Atua\u00e7\u00e3o: Seg a Sex 8:00 \u00e0s 18:00 &#8211; S\u00e1b 08:00 \u00e0s 12:00h<\/p>\n<p>Benef\u00edcios:<br \/>\nM\u00ednimo Garantido: R$ 1.613,00 + Comiss\u00e3o sem limite de ganhos<br \/>\nVale Transporte<br \/>\nVale Refei\u00e7\u00e3o \u2013 R$24,50 dia<br \/>\nVale Alimenta\u00e7\u00e3o \u2013 R$201,00 m\u00eas<br \/>\nPlano Odontol\u00f3gico<br \/>\nPlano de sa\u00fade <\/p>\n<p>Pe\u00e7o tamb\u00e9m que fa\u00e7a seu cadastro no nosso site no link https:\/\/candidato.luandre.com.br\/login<br \/>\nAt\u00e9 mais! Luandre Soluc\u00e7\u00f5es em RH<\/p>\n<ul>\n<li>N\u00famero de vagas: 4<\/li>\n<li>Local de trabalho: Rio de Janeiro, RJ<\/li>\n<li>Regime de contrata\u00e7\u00e3o de tipo: Efetivo \u2013 CLT<\/li>\n<li>Jornada: Per\u00edodo Integral<\/li>\n<li>\u00c1rea e especializa\u00e7\u00e3o profissional: Comercial, Vendas &#8211; Venda Interna<\/li>\n<li>N\u00edvel hier\u00e1rquico: Consultor<\/li>\n<\/ul>\n<p>VALORIZADO<\/p>\n<p>Tempo de experi\u00eancia: Entre 1 e 3 anos<\/p>\n<p>HABILIDADES<\/p>\n<ul>\n<li>Metas de alto valor<\/li>\n<li>Experi\u00eancia com vendas internas<\/li>\n<\/ul>\n<p>Escolaridade M\u00ednima: Ensino M\u00e9dio (2\u00ba Grau)<\/p>\n<p>Habilita\u00e7\u00e3o para dirigir: A<\/p>\n<ul>\n<li>Vale-transporte<\/li>\n<li>Aux\u00edlio farm\u00e1cia<\/li>\n<li>Vale-refei\u00e7\u00e3o<\/li>\n<li>Vale-alimenta\u00e7\u00e3o<\/li>\n<li>Assist\u00eancia odontol\u00f3gica<\/li>\n<li>Assist\u00eancia m\u00e9dica<\/li>\n<\/ul>\n<p>Sal\u00e1rio: 5000,0<\/p>\n","protected":false},"excerpt":{"rendered":"<p>Luandre em parceria com empresa de grande porte no segmento de automobilistico, contrata profissional para atuar como Vendedor Interno para sua nova loja em Copacabana &#8211; RJ. Atividades Prospectar novos clientes e realizar vendas internas de produtos da Honda. Desenvolver estrat\u00e9gias de vendas eficazes para alcan\u00e7ar metas individuais e da equipe. Manter relacionamento pr\u00f3ximo com [&hellip;]<\/p>\n","protected":false},"author":1,"featured_media":0,"comment_status":"open","ping_status":"open","sticky":false,"template":"","format":"standard","meta":{"footnotes":""},"categories":[21],"tags":[],"class_list":["post-6764","post","type-post","status-publish","format-standard","hentry","category-rio-de-janeiro-rj"],"_links":{"self":[{"href":"https:\/\/vagas.portalemprego.com.br\/index.php?rest_route=\/wp\/v2\/posts\/6764","targetHints":{"allow":["GET"]}}],"collection":[{"href":"https:\/\/vagas.portalemprego.com.br\/index.php?rest_route=\/wp\/v2\/posts"}],"about":[{"href":"https:\/\/vagas.portalemprego.com.br\/index.php?rest_route=\/wp\/v2\/types\/post"}],"author":[{"embeddable":true,"href":"https:\/\/vagas.portalemprego.com.br\/index.php?rest_route=\/wp\/v2\/users\/1"}],"replies":[{"embeddable":true,"href":"https:\/\/vagas.portalemprego.com.br\/index.php?rest_route=%2Fwp%2Fv2%2Fcomments&post=6764"}],"version-history":[{"count":0,"href":"https:\/\/vagas.portalemprego.com.br\/index.php?rest_route=\/wp\/v2\/posts\/6764\/revisions"}],"wp:attachment":[{"href":"https:\/\/vagas.portalemprego.com.br\/index.php?rest_route=%2Fwp%2Fv2%2Fmedia&parent=6764"}],"wp:term":[{"taxonomy":"category","embeddable":true,"href":"https:\/\/vagas.portalemprego.com.br\/index.php?rest_route=%2Fwp%2Fv2%2Fcategories&post=6764"},{"taxonomy":"post_tag","embeddable":true,"href":"https:\/\/vagas.portalemprego.com.br\/index.php?rest_route=%2Fwp%2Fv2%2Ftags&post=6764"}],"curies":[{"name":"wp","href":"https:\/\/api.w.org\/{rel}","templated":true}]}}