{"id":6766,"date":"2026-04-29T06:16:16","date_gmt":"2026-04-29T09:16:16","guid":{"rendered":"https:\/\/vagas.portalemprego.com.br\/?p=6766"},"modified":"2026-04-29T06:16:16","modified_gmt":"2026-04-29T09:16:16","slug":"motorista-hab-b-transportes-rio-das-ostras","status":"publish","type":"post","link":"https:\/\/vagas.portalemprego.com.br\/?p=6766","title":{"rendered":"Motorista &#8211; Hab B &#8211; Transportes &#8211; Rio das Ostras"},"content":{"rendered":"<p>Ir\u00e1 atuar com coletas e entregas para laborat\u00f3rios.<br \/>\nCobertura de f\u00e9rias de 30 dias<br \/>\n\u2022Sal\u00e1rio R$2.216,51<br \/>\n\u2022Vale refei\u00e7\u00e3o R$30,33<br \/>\nCesta b\u00e1sica R$ 438,70<br \/>\nHor\u00e1rio de trabalho: Segunda a sexta das 8h00 \u00e0s 18h00<br \/>\nLocal: Rio das Ostras Centro e Regi\u00e3o)<br \/>\nNecess\u00e1rio ter CNH com EAR<\/p>\n<ul>\n<li>Local de trabalho: Rio das Ostras, RJ<\/li>\n<li>Regime de contrata\u00e7\u00e3o de tipo: Tempor\u00e1rio<\/li>\n<li>Jornada: Per\u00edodo Integral<\/li>\n<li>\u00c1rea e especializa\u00e7\u00e3o profissional: Transportes &#8211; Motorista &#8211; Hab B<\/li>\n<li>N\u00edvel hier\u00e1rquico: Operacional<\/li>\n<\/ul>\n<p>VALORIZADO<\/p>\n<p>Tempo de experi\u00eancia: Menos de 1 ano<\/p>\n<p>Escolaridade M\u00ednima: Ensino M\u00e9dio (2\u00ba Grau)<\/p>\n<p>Sal\u00e1rio: 2216,0<\/p>\n","protected":false},"excerpt":{"rendered":"<p>Ir\u00e1 atuar com coletas e entregas para laborat\u00f3rios. Cobertura de f\u00e9rias de 30 dias \u2022Sal\u00e1rio R$2.216,51 \u2022Vale refei\u00e7\u00e3o R$30,33 Cesta b\u00e1sica R$ 438,70 Hor\u00e1rio de trabalho: Segunda a sexta das 8h00 \u00e0s 18h00 Local: Rio das Ostras Centro e Regi\u00e3o) Necess\u00e1rio ter CNH com EAR Local de trabalho: Rio das Ostras, RJ Regime de contrata\u00e7\u00e3o [&hellip;]<\/p>\n","protected":false},"author":1,"featured_media":0,"comment_status":"open","ping_status":"open","sticky":false,"template":"","format":"standard","meta":{"footnotes":""},"categories":[21],"tags":[],"class_list":["post-6766","post","type-post","status-publish","format-standard","hentry","category-rio-de-janeiro-rj"],"_links":{"self":[{"href":"https:\/\/vagas.portalemprego.com.br\/index.php?rest_route=\/wp\/v2\/posts\/6766","targetHints":{"allow":["GET"]}}],"collection":[{"href":"https:\/\/vagas.portalemprego.com.br\/index.php?rest_route=\/wp\/v2\/posts"}],"about":[{"href":"https:\/\/vagas.portalemprego.com.br\/index.php?rest_route=\/wp\/v2\/types\/post"}],"author":[{"embeddable":true,"href":"https:\/\/vagas.portalemprego.com.br\/index.php?rest_route=\/wp\/v2\/users\/1"}],"replies":[{"embeddable":true,"href":"https:\/\/vagas.portalemprego.com.br\/index.php?rest_route=%2Fwp%2Fv2%2Fcomments&post=6766"}],"version-history":[{"count":0,"href":"https:\/\/vagas.portalemprego.com.br\/index.php?rest_route=\/wp\/v2\/posts\/6766\/revisions"}],"wp:attachment":[{"href":"https:\/\/vagas.portalemprego.com.br\/index.php?rest_route=%2Fwp%2Fv2%2Fmedia&parent=6766"}],"wp:term":[{"taxonomy":"category","embeddable":true,"href":"https:\/\/vagas.portalemprego.com.br\/index.php?rest_route=%2Fwp%2Fv2%2Fcategories&post=6766"},{"taxonomy":"post_tag","embeddable":true,"href":"https:\/\/vagas.portalemprego.com.br\/index.php?rest_route=%2Fwp%2Fv2%2Ftags&post=6766"}],"curies":[{"name":"wp","href":"https:\/\/api.w.org\/{rel}","templated":true}]}}