{"id":6768,"date":"2026-04-29T06:16:16","date_gmt":"2026-04-29T09:16:16","guid":{"rendered":"https:\/\/vagas.portalemprego.com.br\/?p=6768"},"modified":"2026-04-29T06:16:16","modified_gmt":"2026-04-29T09:16:16","slug":"mensageiro-barra-administracao-rio-de-janeiro-2","status":"publish","type":"post","link":"https:\/\/vagas.portalemprego.com.br\/?p=6768","title":{"rendered":"MENSAGEIRO &#8211;  BARRA &#8211; Administra\u00e7\u00e3o &#8211; Rio de Janeiro"},"content":{"rendered":"<p>Estamos em busca de um Mensageiro para trabalhar na Barra.<br \/>\nEste cargo \u00e9 fundamental para garantir a comunica\u00e7\u00e3o e o atendimento eficiente aos moradores da regi\u00e3o.<br \/>\nO candidato ideal dever\u00e1 ter habilidades s\u00f3lidas em controle de correspond\u00eancia e um excelente atendimento ao p\u00fablico.<\/p>\n<p>O trabalho envolve a entrega de correspond\u00eancias, notifica\u00e7\u00f5es e outros documentos importantes para os residentes.<br \/>\n\u00c9 essencial que o Mensageiro tenha uma boa organiza\u00e7\u00e3o e aten\u00e7\u00e3o aos detalhes, pois precisar\u00e1 gerenciar um volume de correspond\u00eancias variadas e garantir que tudo seja entregue com precis\u00e3o e pontualidade.<\/p>\n<p>Al\u00e9m disso, o Mensageiro dever\u00e1 interagir com os moradores de forma amig\u00e1vel e eficiente, garantindo que todas as solicita\u00e7\u00f5es sejam atendidas prontamente.<br \/>\n\u00c9 importante que o candidato tenha uma boa comunica\u00e7\u00e3o verbal e escrita, pois precisar\u00e1 registrar e relatar as atividades di\u00e1rias.<\/p>\n<p>O perfil desejado deve ter experi\u00eancia em fun\u00e7\u00f5es similares, com um hist\u00f3rico de confiabilidade e pontualidade.<br \/>\nA responsabilidade e a capacidade de trabalhar em um ambiente din\u00e2mico s\u00e3o caracter\u00edsticas essenciais para o sucesso nesta fun\u00e7\u00e3o.<\/p>\n<p>Se voc\u00ea \u00e9 organizado, tem um excelente atendimento ao cliente e est\u00e1 interessado em fazer parte de uma equipe dedicada, esta oportunidade pode ser perfeita para voc\u00ea.<br \/>\nJunte-se a n\u00f3s e contribua para a efici\u00eancia e satisfa\u00e7\u00e3o dos moradores da Barra.<\/p>\n<p>Interessados devem enviar seu curr\u00edculo para a vaga dispon\u00edvel.<br \/>\nAguardamos sua candidatura para integrar nossa equipe.<\/p>\n<ul>\n<li>N\u00famero de vagas: 10<\/li>\n<li>Local de trabalho: Rio de Janeiro, RJ<\/li>\n<li>Regime de contrata\u00e7\u00e3o de tipo: Efetivo \u2013 CLT<\/li>\n<li>Jornada: Per\u00edodo Integral<\/li>\n<li>\u00c1rea e especializa\u00e7\u00e3o profissional: Administra\u00e7\u00e3o &#8211; Mensageiros<\/li>\n<li>N\u00edvel hier\u00e1rquico: Operacional<\/li>\n<\/ul>\n<p>VALORIZADO<\/p>\n<p>Tempo de experi\u00eancia: Entre 1 e 3 anos<\/p>\n<p>HABILIDADES<\/p>\n<ul>\n<li>atendimento aos moradores<\/li>\n<li>controle de correspondencia<\/li>\n<\/ul>\n<p>Escolaridade M\u00ednima: Ensino M\u00e9dio (2\u00ba Grau)<\/p>\n<ul>\n<li>VALE TRANSPORTE<\/li>\n<li>VALE ALIMENTA\u00c7\u00c3O<\/li>\n<\/ul>\n<p>Sal\u00e1rio: 1610,0<\/p>\n","protected":false},"excerpt":{"rendered":"<p>Estamos em busca de um Mensageiro para trabalhar na Barra. Este cargo \u00e9 fundamental para garantir a comunica\u00e7\u00e3o e o atendimento eficiente aos moradores da regi\u00e3o. O candidato ideal dever\u00e1 ter habilidades s\u00f3lidas em controle de correspond\u00eancia e um excelente atendimento ao p\u00fablico. O trabalho envolve a entrega de correspond\u00eancias, notifica\u00e7\u00f5es e outros documentos importantes [&hellip;]<\/p>\n","protected":false},"author":1,"featured_media":0,"comment_status":"open","ping_status":"open","sticky":false,"template":"","format":"standard","meta":{"footnotes":""},"categories":[21],"tags":[],"class_list":["post-6768","post","type-post","status-publish","format-standard","hentry","category-rio-de-janeiro-rj"],"_links":{"self":[{"href":"https:\/\/vagas.portalemprego.com.br\/index.php?rest_route=\/wp\/v2\/posts\/6768","targetHints":{"allow":["GET"]}}],"collection":[{"href":"https:\/\/vagas.portalemprego.com.br\/index.php?rest_route=\/wp\/v2\/posts"}],"about":[{"href":"https:\/\/vagas.portalemprego.com.br\/index.php?rest_route=\/wp\/v2\/types\/post"}],"author":[{"embeddable":true,"href":"https:\/\/vagas.portalemprego.com.br\/index.php?rest_route=\/wp\/v2\/users\/1"}],"replies":[{"embeddable":true,"href":"https:\/\/vagas.portalemprego.com.br\/index.php?rest_route=%2Fwp%2Fv2%2Fcomments&post=6768"}],"version-history":[{"count":0,"href":"https:\/\/vagas.portalemprego.com.br\/index.php?rest_route=\/wp\/v2\/posts\/6768\/revisions"}],"wp:attachment":[{"href":"https:\/\/vagas.portalemprego.com.br\/index.php?rest_route=%2Fwp%2Fv2%2Fmedia&parent=6768"}],"wp:term":[{"taxonomy":"category","embeddable":true,"href":"https:\/\/vagas.portalemprego.com.br\/index.php?rest_route=%2Fwp%2Fv2%2Fcategories&post=6768"},{"taxonomy":"post_tag","embeddable":true,"href":"https:\/\/vagas.portalemprego.com.br\/index.php?rest_route=%2Fwp%2Fv2%2Ftags&post=6768"}],"curies":[{"name":"wp","href":"https:\/\/api.w.org\/{rel}","templated":true}]}}