{"id":6770,"date":"2026-04-29T06:16:16","date_gmt":"2026-04-29T09:16:16","guid":{"rendered":"https:\/\/vagas.portalemprego.com.br\/?p=6770"},"modified":"2026-04-29T06:16:16","modified_gmt":"2026-04-29T09:16:16","slug":"coordenador-tecnico-esquadrias-engenharia-rio-de-janeiro","status":"publish","type":"post","link":"https:\/\/vagas.portalemprego.com.br\/?p=6770","title":{"rendered":"Coordenador T\u00e9cnico &#8211; Esquadrias &#8211; Engenharia &#8211; Rio de Janeiro"},"content":{"rendered":"<p>Estamos em busca de um Coordenador T\u00e9cnico altamente capacitado para gerenciar a produ\u00e7\u00e3o e a instala\u00e7\u00e3o de esquadrias de ferro e alum\u00ednio. <\/p>\n<p>O profissional ser\u00e1 respons\u00e1vel pela revis\u00e3o e elabora\u00e7\u00e3o de or\u00e7amentos, gest\u00e3o da equipe t\u00e9cnica e supervis\u00e3o das atividades operacionais, buscando implementar melhorias e otimizar os processos internos. O(a) gerente ser\u00e1 essencial para garantir a qualidade e o cumprimento dos prazos e custos da obra, al\u00e9m de desenvolver e implementar processos operacionais.<br \/>\nReportando a(ao) Diretor, ter\u00e1 as seguintes responsabilidades principais:<br \/>\n&#8211; Coordenar e supervisionar a produ\u00e7\u00e3o e instala\u00e7\u00e3o de esquadrias de ferro e alum\u00ednio;<br \/>\n&#8211; Gerenciar e liderar a equipe t\u00e9cnica (incluindo or\u00e7amentistas, supervisores de obra e instaladores);<br \/>\n&#8211; Revisar or\u00e7amentos elaborados pelo or\u00e7amentista e garantir a viabilidade t\u00e9cnica e financeira;<br \/>\n&#8211; Implementar melhorias operacionais e processos eficientes, visando otimizar a produ\u00e7\u00e3o e reduzir erros;<br \/>\n&#8211; Auxiliar na comunica\u00e7\u00e3o entre a equipe t\u00e9cnica e os engenheiros, sendo capaz de transformar projetos para a produ\u00e7\u00e3o (leitura de projetos, orienta\u00e7\u00f5es de corte e solda);<br \/>\n&#8211; Gerenciar os recursos materiais, custos e prazos, garantindo a qualidade de todas as entregas;<br \/>\n&#8211; Acompanhar as obras, verificando se o que est\u00e1 sendo executado segue o planejamento e a qualidade esperada;<\/p>\n<p>Requisitos<br \/>\n&#8211; Experi\u00eancia em serralheria ou fabrica\u00e7\u00e3o de esquadrias de alum\u00ednio e\/ou ferro;<br \/>\n&#8211; Conhecimento em leitura de projetos t\u00e9cnicos e especifica\u00e7\u00f5es de metalurgia;<br \/>\n&#8211; Capacidade de resolver problemas t\u00e9cnicos e otimizar processos de produ\u00e7\u00e3o;<br \/>\n&#8211; Diferencial: Experi\u00eancia em gest\u00e3o de equipes, com capacidade para liderar e delegar fun\u00e7\u00f5es<br \/>\n&#8211; Boa comunica\u00e7\u00e3o, especialmente com engenheiros e equipe t\u00e9cnica;<br \/>\n&#8211; Proatividade e capacidade de implementar melhorias operacionais;<br \/>\n&#8211; Experi\u00eancia em planejamento e controle de custos, or\u00e7amentos e recursos;<br \/>\n&#8211; Ensino m\u00e9dio completo e CNH B ativa;<\/p>\n<ul>\n<li>Local de trabalho: Rio de Janeiro, RJ<\/li>\n<li>Regime de contrata\u00e7\u00e3o de tipo: Efetivo \u2013 CLT<\/li>\n<li>Jornada: Per\u00edodo Integral<\/li>\n<li>\u00c1rea e especializa\u00e7\u00e3o profissional: Engenharia &#8211; Engenharia Metal\u00fargica e de Materiais<\/li>\n<li>N\u00edvel hier\u00e1rquico: Coordenador<\/li>\n<\/ul>\n<p>VALORIZADO<\/p>\n<p>Tempo de experi\u00eancia: Entre 1 e 3 anos<\/p>\n<p>Escolaridade M\u00ednima: Ensino M\u00e9dio (2\u00ba Grau)<\/p>\n<ul>\n<li>Plano de Sa\u00fade<\/li>\n<li>Vale Refei\u00e7\u00e3o<\/li>\n<li>Hor\u00e1rio Flex\u00edvel<\/li>\n<li>Ve\u00edculo para uso a trabalho<\/li>\n<\/ul>\n","protected":false},"excerpt":{"rendered":"<p>Estamos em busca de um Coordenador T\u00e9cnico altamente capacitado para gerenciar a produ\u00e7\u00e3o e a instala\u00e7\u00e3o de esquadrias de ferro e alum\u00ednio. O profissional ser\u00e1 respons\u00e1vel pela revis\u00e3o e elabora\u00e7\u00e3o de or\u00e7amentos, gest\u00e3o da equipe t\u00e9cnica e supervis\u00e3o das atividades operacionais, buscando implementar melhorias e otimizar os processos internos. O(a) gerente ser\u00e1 essencial para garantir [&hellip;]<\/p>\n","protected":false},"author":1,"featured_media":0,"comment_status":"open","ping_status":"open","sticky":false,"template":"","format":"standard","meta":{"footnotes":""},"categories":[21],"tags":[],"class_list":["post-6770","post","type-post","status-publish","format-standard","hentry","category-rio-de-janeiro-rj"],"_links":{"self":[{"href":"https:\/\/vagas.portalemprego.com.br\/index.php?rest_route=\/wp\/v2\/posts\/6770","targetHints":{"allow":["GET"]}}],"collection":[{"href":"https:\/\/vagas.portalemprego.com.br\/index.php?rest_route=\/wp\/v2\/posts"}],"about":[{"href":"https:\/\/vagas.portalemprego.com.br\/index.php?rest_route=\/wp\/v2\/types\/post"}],"author":[{"embeddable":true,"href":"https:\/\/vagas.portalemprego.com.br\/index.php?rest_route=\/wp\/v2\/users\/1"}],"replies":[{"embeddable":true,"href":"https:\/\/vagas.portalemprego.com.br\/index.php?rest_route=%2Fwp%2Fv2%2Fcomments&post=6770"}],"version-history":[{"count":0,"href":"https:\/\/vagas.portalemprego.com.br\/index.php?rest_route=\/wp\/v2\/posts\/6770\/revisions"}],"wp:attachment":[{"href":"https:\/\/vagas.portalemprego.com.br\/index.php?rest_route=%2Fwp%2Fv2%2Fmedia&parent=6770"}],"wp:term":[{"taxonomy":"category","embeddable":true,"href":"https:\/\/vagas.portalemprego.com.br\/index.php?rest_route=%2Fwp%2Fv2%2Fcategories&post=6770"},{"taxonomy":"post_tag","embeddable":true,"href":"https:\/\/vagas.portalemprego.com.br\/index.php?rest_route=%2Fwp%2Fv2%2Ftags&post=6770"}],"curies":[{"name":"wp","href":"https:\/\/api.w.org\/{rel}","templated":true}]}}