{"id":6772,"date":"2026-04-29T06:16:16","date_gmt":"2026-04-29T09:16:16","guid":{"rendered":"https:\/\/vagas.portalemprego.com.br\/?p=6772"},"modified":"2026-04-29T06:16:16","modified_gmt":"2026-04-29T09:16:16","slug":"auxiliar-de-cozinha-alimentacao-gastronomia-rio-de-janeiro-49","status":"publish","type":"post","link":"https:\/\/vagas.portalemprego.com.br\/?p=6772","title":{"rendered":"Auxiliar de Cozinha &#8211; Alimenta\u00e7\u00e3o \/ Gastronomia &#8211; Rio de Janeiro"},"content":{"rendered":"<p>Restaurante especializado em cozinha chinesa contrata auxiliar de cozinha para compor seu quadro de funcion\u00e1rios.<\/p>\n<p>Requisitos:<br \/>\n-Ensino m\u00e9dio completo<br \/>\n-Experi\u00eancia comprovada<br \/>\n-Morar pr\u00f3ximo ao local de trabalho (Ipanema)<\/p>\n<p>benef\u00edcios :<br \/>\nSal\u00e1rio R$ 1.518,00 + 500,00 de comiss\u00e3o +VT+ alimenta\u00e7\u00e3o no local.<br \/>\nHor\u00e1rio: 9h \u00e0s 17h ou 16h30 \u00e0 0h<br \/>\nEscala:6&#215;1<\/p>\n<ul>\n<li>Local de trabalho: Rio de Janeiro, RJ<\/li>\n<li>Regime de contrata\u00e7\u00e3o de tipo: Efetivo \u2013 CLT<\/li>\n<li>Jornada: Parcial noites<\/li>\n<li>\u00c1rea e especializa\u00e7\u00e3o profissional: Alimenta\u00e7\u00e3o \/ Gastronomia &#8211; Cozinha<\/li>\n<li>N\u00edvel hier\u00e1rquico: Auxiliar<\/li>\n<\/ul>\n<p>VALORIZADO<\/p>\n<p>Tempo de experi\u00eancia: Entre 3 e 5 anos<\/p>\n<p>Escolaridade M\u00ednima: Ensino M\u00e9dio (2\u00ba Grau)<\/p>\n<p>Sal\u00e1rio: 2018,0<\/p>\n","protected":false},"excerpt":{"rendered":"<p>Restaurante especializado em cozinha chinesa contrata auxiliar de cozinha para compor seu quadro de funcion\u00e1rios. Requisitos: -Ensino m\u00e9dio completo -Experi\u00eancia comprovada -Morar pr\u00f3ximo ao local de trabalho (Ipanema) benef\u00edcios : Sal\u00e1rio R$ 1.518,00 + 500,00 de comiss\u00e3o +VT+ alimenta\u00e7\u00e3o no local. Hor\u00e1rio: 9h \u00e0s 17h ou 16h30 \u00e0 0h Escala:6&#215;1 Local de trabalho: Rio de [&hellip;]<\/p>\n","protected":false},"author":1,"featured_media":0,"comment_status":"open","ping_status":"open","sticky":false,"template":"","format":"standard","meta":{"footnotes":""},"categories":[21],"tags":[],"class_list":["post-6772","post","type-post","status-publish","format-standard","hentry","category-rio-de-janeiro-rj"],"_links":{"self":[{"href":"https:\/\/vagas.portalemprego.com.br\/index.php?rest_route=\/wp\/v2\/posts\/6772","targetHints":{"allow":["GET"]}}],"collection":[{"href":"https:\/\/vagas.portalemprego.com.br\/index.php?rest_route=\/wp\/v2\/posts"}],"about":[{"href":"https:\/\/vagas.portalemprego.com.br\/index.php?rest_route=\/wp\/v2\/types\/post"}],"author":[{"embeddable":true,"href":"https:\/\/vagas.portalemprego.com.br\/index.php?rest_route=\/wp\/v2\/users\/1"}],"replies":[{"embeddable":true,"href":"https:\/\/vagas.portalemprego.com.br\/index.php?rest_route=%2Fwp%2Fv2%2Fcomments&post=6772"}],"version-history":[{"count":0,"href":"https:\/\/vagas.portalemprego.com.br\/index.php?rest_route=\/wp\/v2\/posts\/6772\/revisions"}],"wp:attachment":[{"href":"https:\/\/vagas.portalemprego.com.br\/index.php?rest_route=%2Fwp%2Fv2%2Fmedia&parent=6772"}],"wp:term":[{"taxonomy":"category","embeddable":true,"href":"https:\/\/vagas.portalemprego.com.br\/index.php?rest_route=%2Fwp%2Fv2%2Fcategories&post=6772"},{"taxonomy":"post_tag","embeddable":true,"href":"https:\/\/vagas.portalemprego.com.br\/index.php?rest_route=%2Fwp%2Fv2%2Ftags&post=6772"}],"curies":[{"name":"wp","href":"https:\/\/api.w.org\/{rel}","templated":true}]}}