{"id":6776,"date":"2026-04-29T06:16:16","date_gmt":"2026-04-29T09:16:16","guid":{"rendered":"https:\/\/vagas.portalemprego.com.br\/?p=6776"},"modified":"2026-04-29T06:16:16","modified_gmt":"2026-04-29T09:16:16","slug":"gerente-de-unidade-administracao-cabo-frio","status":"publish","type":"post","link":"https:\/\/vagas.portalemprego.com.br\/?p=6776","title":{"rendered":"Gerente de Unidade &#8211; Administra\u00e7\u00e3o &#8211; Cabo Frio"},"content":{"rendered":"<p>Cargo: Gerente de Unidade &#8211; Cl\u00ednica Odontol\u00f3gica<br \/>\nRegime de Contrata\u00e7\u00e3o: CLT<br \/>\nHor\u00e1rio de Trabalho:<br \/>\nSegunda a sexta: 08h \u00e0s 18h \/ S\u00e1bado: 08h \u00e0s 12h.<\/p>\n<p>Objetivo do Cargo<br \/>\nRespons\u00e1vel pela gest\u00e3o geral da cl\u00ednica odontol\u00f3gica, abrangendo administra\u00e7\u00e3o financeira, operacional e de pessoal. Garantir o cumprimento de metas estabelecidas pela franquia, mantendo os padr\u00f5es organizacionais e de qualidade.<\/p>\n<p>Responsabilidades Principais<br \/>\nGest\u00e3o Operacional:<br \/>\nPlanejar e organizar as atividades di\u00e1rias da cl\u00ednica.<br \/>\nGarantir o cumprimento dos padr\u00f5es operacionais definidos pela franquia.<\/p>\n<p>Gest\u00e3o Financeira:<br \/>\nRealizar controle financeiro, incluindo contas a pagar e a receber.<br \/>\nGerenciar relat\u00f3rios e planilhas financeiras utilizando Excel (n\u00edvel intermedi\u00e1rio\/avan\u00e7ado).<\/p>\n<p>Gest\u00e3o de Pessoas:<br \/>\nLiderar uma equipe de 6 colaboradores.<br \/>\nMotivar, treinar e desenvolver a equipe.<br \/>\nResolver conflitos internos e promover um ambiente de trabalho harmonioso.<br \/>\n                                                                                                                                                                                                                    Cumprimento de Metas:<br \/>\nAcompanhar os indicadores de desempenho.<br \/>\nImplementar estrat\u00e9gias para atingir as metas estabelecidas pela franquia.<br \/>\nSer uma pessoa inovadora e que tenha facilidade com sistemas digitais.<\/p>\n<p>Relacionamento com Clientes e Fornecedores:<br \/>\nAssegurar um excelente atendimento ao cliente.<br \/>\nGerenciar relacionamento com fornecedores, garantindo a organiza\u00e7\u00e3o de materiais e insumos necess\u00e1rios.<\/p>\n<p>Requisitos T\u00e9cnicos<br \/>\nEscolaridade: Ensino superior completo ou em andamento em Administra\u00e7\u00e3o, Gest\u00e3o de Neg\u00f3cios ou \u00e1reas correlatas.<\/p>\n<p>Experi\u00eancia:<br \/>\nExperi\u00eancia em fun\u00e7\u00f5es de gest\u00e3o.<br \/>\nExperi\u00eancia na \u00e1rea odontol\u00f3gica ser\u00e1 um diferencial.<\/p>\n<p>Conhecimentos:<br \/>\nExcel intermedi\u00e1rio\/avan\u00e7ado (obrigat\u00f3rio).<br \/>\nConhecimento em sistemas de gest\u00e3o ser\u00e1 um diferencial.<\/p>\n<p>Remunera\u00e7\u00e3o e Benef\u00edcios<br \/>\nFaixa Salarial: R$ 3.500,00 a R$ 4.000,00<br \/>\nVale Combust\u00edvel: R$ 200,00 por m\u00eas<br \/>\nVale Refei\u00e7\u00e3o: R$ 17,00 por dia trabalhado<br \/>\nB\u00f4nus por Resultados: At\u00e9 R$ 1.500,00 por m\u00eas, conforme os resultados da cl\u00ednica<br \/>\nTreinamentos: Fornecidos pela franquia.<br \/>\nOportunidade de Crescimento: Possibilidade de desenvolvimento profissional em uma cl\u00ednica de refer\u00eancia.<\/p>\n<ul>\n<li>Local de trabalho: Cabo Frio, RJ<\/li>\n<li>Regime de contrata\u00e7\u00e3o de tipo: Efetivo \u2013 CLT<\/li>\n<li>Jornada: Per\u00edodo Integral<\/li>\n<li>\u00c1rea e especializa\u00e7\u00e3o profissional: Administra\u00e7\u00e3o &#8211; Administra\u00e7\u00e3o Geral<\/li>\n<li>N\u00edvel hier\u00e1rquico: Gerente<\/li>\n<\/ul>\n<p>VALORIZADO<\/p>\n<p>Tempo de experi\u00eancia: Entre 3 e 5 anos<\/p>\n<p>HABILIDADES<\/p>\n<ul>\n<li>Gest\u00e3o de Pessoas<\/li>\n<li>Organiza\u00e7\u00e3o e Planejamento<\/li>\n<li>Lideran\u00e7a Inspiradora<\/li>\n<li>Solu\u00e7\u00e3o de Problemas<\/li>\n<li>Comunica\u00e7\u00e3o Clara e Objetiva<\/li>\n<li>Foco em Resultados<\/li>\n<\/ul>\n<p>Escolaridade M\u00ednima: Ensino Superior<\/p>\n<p>Forma\u00e7\u00e3o desejada:<\/p>\n<ul>\n<li>Administra\u00e7\u00e3o de empresas, Ensino Superior<\/li>\n<\/ul>\n<p>Sal\u00e1rio: 4000,0<\/p>\n","protected":false},"excerpt":{"rendered":"<p>Cargo: Gerente de Unidade &#8211; Cl\u00ednica Odontol\u00f3gica Regime de Contrata\u00e7\u00e3o: CLT Hor\u00e1rio de Trabalho: Segunda a sexta: 08h \u00e0s 18h \/ S\u00e1bado: 08h \u00e0s 12h. Objetivo do Cargo Respons\u00e1vel pela gest\u00e3o geral da cl\u00ednica odontol\u00f3gica, abrangendo administra\u00e7\u00e3o financeira, operacional e de pessoal. Garantir o cumprimento de metas estabelecidas pela franquia, mantendo os padr\u00f5es organizacionais e [&hellip;]<\/p>\n","protected":false},"author":1,"featured_media":0,"comment_status":"open","ping_status":"open","sticky":false,"template":"","format":"standard","meta":{"footnotes":""},"categories":[21],"tags":[],"class_list":["post-6776","post","type-post","status-publish","format-standard","hentry","category-rio-de-janeiro-rj"],"_links":{"self":[{"href":"https:\/\/vagas.portalemprego.com.br\/index.php?rest_route=\/wp\/v2\/posts\/6776","targetHints":{"allow":["GET"]}}],"collection":[{"href":"https:\/\/vagas.portalemprego.com.br\/index.php?rest_route=\/wp\/v2\/posts"}],"about":[{"href":"https:\/\/vagas.portalemprego.com.br\/index.php?rest_route=\/wp\/v2\/types\/post"}],"author":[{"embeddable":true,"href":"https:\/\/vagas.portalemprego.com.br\/index.php?rest_route=\/wp\/v2\/users\/1"}],"replies":[{"embeddable":true,"href":"https:\/\/vagas.portalemprego.com.br\/index.php?rest_route=%2Fwp%2Fv2%2Fcomments&post=6776"}],"version-history":[{"count":0,"href":"https:\/\/vagas.portalemprego.com.br\/index.php?rest_route=\/wp\/v2\/posts\/6776\/revisions"}],"wp:attachment":[{"href":"https:\/\/vagas.portalemprego.com.br\/index.php?rest_route=%2Fwp%2Fv2%2Fmedia&parent=6776"}],"wp:term":[{"taxonomy":"category","embeddable":true,"href":"https:\/\/vagas.portalemprego.com.br\/index.php?rest_route=%2Fwp%2Fv2%2Fcategories&post=6776"},{"taxonomy":"post_tag","embeddable":true,"href":"https:\/\/vagas.portalemprego.com.br\/index.php?rest_route=%2Fwp%2Fv2%2Ftags&post=6776"}],"curies":[{"name":"wp","href":"https:\/\/api.w.org\/{rel}","templated":true}]}}