{"id":6781,"date":"2026-04-29T06:17:17","date_gmt":"2026-04-29T09:17:17","guid":{"rendered":"https:\/\/vagas.portalemprego.com.br\/?p=6781"},"modified":"2026-04-29T06:17:17","modified_gmt":"2026-04-29T09:17:17","slug":"porteiro-recreio-seguranca-rio-de-janeiro-2","status":"publish","type":"post","link":"https:\/\/vagas.portalemprego.com.br\/?p=6781","title":{"rendered":"PORTEIRO  &#8211; RECREIO &#8211; Seguran\u00e7a &#8211; Rio de Janeiro"},"content":{"rendered":"<p>Estamos em busca de um profissional respons\u00e1vel e comprometido para o cargo de Porteiro em Recreio.<br \/>\nBuscamos algu\u00e9m que tenha experi\u00eancia comprovada em condom\u00ednios, com habilidades s\u00f3lidas em atendimento e administra\u00e7\u00e3o de portaria.<br \/>\n\u00c9 essencial que o candidato demonstre disponibilidade de hor\u00e1rio, morando preferencialmente nas proximidades para garantir uma presen\u00e7a constante e proativa.<\/p>\n<p>A experi\u00eancia em inform\u00e1tica \u00e9 um diferencial importante, visto que o trabalho envolve o uso de sistemas de controle de acesso e registros di\u00e1rios.<br \/>\nAl\u00e9m disso, conhecimento com r\u00e1dio HT \u00e9 fundamental para garantir a comunica\u00e7\u00e3o eficiente e segura com os moradores e visitantes.<\/p>\n<p>O candidato ideal deve ser observador, com uma atitude amig\u00e1vel e proativa, capaz de gerenciar situa\u00e7\u00f5es de emerg\u00eancia com calma e efici\u00eancia.<br \/>\nA responsabilidade, a aten\u00e7\u00e3o aos detalhes e a capacidade de trabalhar em equipe s\u00e3o caracter\u00edsticas essenciais para o sucesso nesta fun\u00e7\u00e3o.<\/p>\n<p>Se voc\u00ea tem um hist\u00f3rico de excel\u00eancia em portaria, est\u00e1 pronto para assumir um papel de confian\u00e7a e est\u00e1 interessado em fazer parte de uma equipe dedicada, esta oportunidade pode ser perfeita para voc\u00ea.<br \/>\nJunte-se a n\u00f3s e contribua para criar um ambiente seguro e acolhedor para todos os residentes e visitantes.<\/p>\n<p>A candidatura deve ser feita diretamente pelo sistema de sele\u00e7\u00e3o da empresa.<br \/>\nEstamos ansiosos para conhecer profissionais qualificados e comprometidos com a excel\u00eancia em servi\u00e7os de portaria.<\/p>\n<ul>\n<li>N\u00famero de vagas: 10<\/li>\n<li>Local de trabalho: Rio de Janeiro, RJ<\/li>\n<li>Regime de contrata\u00e7\u00e3o de tipo: Efetivo \u2013 CLT<\/li>\n<li>Jornada: Per\u00edodo Integral<\/li>\n<li>\u00c1rea e especializa\u00e7\u00e3o profissional: Seguran\u00e7a &#8211; Portaria Industrial, Comercial, Resid\u00eancial<\/li>\n<li>N\u00edvel hier\u00e1rquico: Operacional<\/li>\n<\/ul>\n<p>VALORIZADO<\/p>\n<p>Tempo de experi\u00eancia: Entre 1 e 3 anos<\/p>\n<p>HABILIDADES<\/p>\n<ul>\n<li>conhecimento com radio HT<\/li>\n<li>Experincia em condominio<\/li>\n<li>experiencia em atendimento<\/li>\n<li>experiencia em portaria<\/li>\n<li>disponibilidade de horario<\/li>\n<li>morar proximo<\/li>\n<li>conhecimento em informatica<\/li>\n<\/ul>\n<p>Escolaridade M\u00ednima: Ensino M\u00e9dio (2\u00ba Grau)<\/p>\n<ul>\n<li>Vale Alimenta\u00e7\u00e3o<\/li>\n<li>Vale Transporte<\/li>\n<\/ul>\n<p>Sal\u00e1rio: 1783,92<\/p>\n","protected":false},"excerpt":{"rendered":"<p>Estamos em busca de um profissional respons\u00e1vel e comprometido para o cargo de Porteiro em Recreio. Buscamos algu\u00e9m que tenha experi\u00eancia comprovada em condom\u00ednios, com habilidades s\u00f3lidas em atendimento e administra\u00e7\u00e3o de portaria. \u00c9 essencial que o candidato demonstre disponibilidade de hor\u00e1rio, morando preferencialmente nas proximidades para garantir uma presen\u00e7a constante e proativa. A experi\u00eancia [&hellip;]<\/p>\n","protected":false},"author":1,"featured_media":0,"comment_status":"open","ping_status":"open","sticky":false,"template":"","format":"standard","meta":{"footnotes":""},"categories":[21],"tags":[],"class_list":["post-6781","post","type-post","status-publish","format-standard","hentry","category-rio-de-janeiro-rj"],"_links":{"self":[{"href":"https:\/\/vagas.portalemprego.com.br\/index.php?rest_route=\/wp\/v2\/posts\/6781","targetHints":{"allow":["GET"]}}],"collection":[{"href":"https:\/\/vagas.portalemprego.com.br\/index.php?rest_route=\/wp\/v2\/posts"}],"about":[{"href":"https:\/\/vagas.portalemprego.com.br\/index.php?rest_route=\/wp\/v2\/types\/post"}],"author":[{"embeddable":true,"href":"https:\/\/vagas.portalemprego.com.br\/index.php?rest_route=\/wp\/v2\/users\/1"}],"replies":[{"embeddable":true,"href":"https:\/\/vagas.portalemprego.com.br\/index.php?rest_route=%2Fwp%2Fv2%2Fcomments&post=6781"}],"version-history":[{"count":0,"href":"https:\/\/vagas.portalemprego.com.br\/index.php?rest_route=\/wp\/v2\/posts\/6781\/revisions"}],"wp:attachment":[{"href":"https:\/\/vagas.portalemprego.com.br\/index.php?rest_route=%2Fwp%2Fv2%2Fmedia&parent=6781"}],"wp:term":[{"taxonomy":"category","embeddable":true,"href":"https:\/\/vagas.portalemprego.com.br\/index.php?rest_route=%2Fwp%2Fv2%2Fcategories&post=6781"},{"taxonomy":"post_tag","embeddable":true,"href":"https:\/\/vagas.portalemprego.com.br\/index.php?rest_route=%2Fwp%2Fv2%2Ftags&post=6781"}],"curies":[{"name":"wp","href":"https:\/\/api.w.org\/{rel}","templated":true}]}}