{"id":6794,"date":"2026-04-29T06:17:17","date_gmt":"2026-04-29T09:17:17","guid":{"rendered":"https:\/\/vagas.portalemprego.com.br\/?p=6794"},"modified":"2026-04-29T06:17:17","modified_gmt":"2026-04-29T09:17:17","slug":"auxiliar-administrativo-temporario-administracao-rio-de-janeiro","status":"publish","type":"post","link":"https:\/\/vagas.portalemprego.com.br\/?p=6794","title":{"rendered":"Auxiliar Administrativo &#8211; Tempor\u00e1rio &#8211; Administra\u00e7\u00e3o &#8211; Rio de Janeiro"},"content":{"rendered":"<p>Segue descri\u00e7\u00e3o da vaga:<br \/>\n \u2022Controlar o preenchimento de assiduidade dos funcion\u00e1rios<br \/>\n \u2022Receber, organizar e controlar folhas de ponto<br \/>\n \u2022Receber, conferir e enviar atestados m\u00e9dicos ao RH<br \/>\n \u2022Solicitar e acompanhar libera\u00e7\u00e3o de acessos f\u00edsicos<br \/>\n \u2022Solicitar e acompanhar cria\u00e7\u00e3o de acessos virtuais<br \/>\n \u2022Receber e enviar malotes de documentos<br \/>\n \u2022Separar e organizar uniformes e EPIs para remessa<br \/>\n \u2022Realizar servi\u00e7os externos de correios<br \/>\n \u2022Apoiar em levantamentos e mapeamentos de dados<br \/>\n \u2022Manter atualizados controles da \u00e1rea: reembolsos, presta\u00e7\u00e3o de contas, utiliza\u00e7\u00e3o de taxi, horas extras, f\u00e9rias, etc.<br \/>\n \u2022Apoiar \u00e0 \u00e1rea em demais necessidades administrativas<br \/>\n \u2022Atender solicita\u00e7\u00f5es da Analista quanto \u00e0 solicita\u00e7\u00e3o de levantamento de dados<br \/>\n \u2022Prestar atendimento \u00e0 equipe operacional para tratamento de ocorr\u00eancias<br \/>\n \u2022Conferir e atualizar dados\/pastas no sistema do Cliente: controles e procedimentos<br \/>\n \u2022Conferir lan\u00e7amento de dados nas planilhas do RGM, para confec\u00e7\u00e3o do Book<br \/>\n \u2022Conferir lan\u00e7amento de horas extras de acordo com cronograma de servi\u00e7os de manuten\u00e7\u00e3o<br \/>\n \u2022Solicitar reset de senha de funcional da equipe Conbras (interface com o Cliente)<br \/>\n \u2022Solicitar crach\u00e1 Ita\u00fa para novos contratados (interface com o Cliente)<br \/>\n \u2022Solicitar programa\u00e7\u00e3o de f\u00e9rias e acompanhar processo de cobertura<\/p>\n<ul>\n<li>Local de trabalho: Rio de Janeiro, RJ<\/li>\n<li>Regime de contrata\u00e7\u00e3o de tipo: Tempor\u00e1rio<\/li>\n<li>Jornada: Per\u00edodo Integral<\/li>\n<li>\u00c1rea e especializa\u00e7\u00e3o profissional: Administra\u00e7\u00e3o &#8211; Administra\u00e7\u00e3o Geral<\/li>\n<li>N\u00edvel hier\u00e1rquico: Auxiliar<\/li>\n<\/ul>\n<p>VALORIZADO<\/p>\n<p>Tempo de experi\u00eancia: Menos de 1 ano<\/p>\n<p>Escolaridade M\u00ednima: Curso T\u00e9cnico<\/p>\n<ul>\n<li>Vale-alimenta\u00e7\u00e3o<\/li>\n<li>Vale-refei\u00e7\u00e3o<\/li>\n<\/ul>\n<p>Sal\u00e1rio: 2194,96<\/p>\n","protected":false},"excerpt":{"rendered":"<p>Segue descri\u00e7\u00e3o da vaga: \u2022Controlar o preenchimento de assiduidade dos funcion\u00e1rios \u2022Receber, organizar e controlar folhas de ponto \u2022Receber, conferir e enviar atestados m\u00e9dicos ao RH \u2022Solicitar e acompanhar libera\u00e7\u00e3o de acessos f\u00edsicos \u2022Solicitar e acompanhar cria\u00e7\u00e3o de acessos virtuais \u2022Receber e enviar malotes de documentos \u2022Separar e organizar uniformes e EPIs para remessa \u2022Realizar [&hellip;]<\/p>\n","protected":false},"author":1,"featured_media":0,"comment_status":"open","ping_status":"open","sticky":false,"template":"","format":"standard","meta":{"footnotes":""},"categories":[21],"tags":[],"class_list":["post-6794","post","type-post","status-publish","format-standard","hentry","category-rio-de-janeiro-rj"],"_links":{"self":[{"href":"https:\/\/vagas.portalemprego.com.br\/index.php?rest_route=\/wp\/v2\/posts\/6794","targetHints":{"allow":["GET"]}}],"collection":[{"href":"https:\/\/vagas.portalemprego.com.br\/index.php?rest_route=\/wp\/v2\/posts"}],"about":[{"href":"https:\/\/vagas.portalemprego.com.br\/index.php?rest_route=\/wp\/v2\/types\/post"}],"author":[{"embeddable":true,"href":"https:\/\/vagas.portalemprego.com.br\/index.php?rest_route=\/wp\/v2\/users\/1"}],"replies":[{"embeddable":true,"href":"https:\/\/vagas.portalemprego.com.br\/index.php?rest_route=%2Fwp%2Fv2%2Fcomments&post=6794"}],"version-history":[{"count":0,"href":"https:\/\/vagas.portalemprego.com.br\/index.php?rest_route=\/wp\/v2\/posts\/6794\/revisions"}],"wp:attachment":[{"href":"https:\/\/vagas.portalemprego.com.br\/index.php?rest_route=%2Fwp%2Fv2%2Fmedia&parent=6794"}],"wp:term":[{"taxonomy":"category","embeddable":true,"href":"https:\/\/vagas.portalemprego.com.br\/index.php?rest_route=%2Fwp%2Fv2%2Fcategories&post=6794"},{"taxonomy":"post_tag","embeddable":true,"href":"https:\/\/vagas.portalemprego.com.br\/index.php?rest_route=%2Fwp%2Fv2%2Ftags&post=6794"}],"curies":[{"name":"wp","href":"https:\/\/api.w.org\/{rel}","templated":true}]}}