{"id":6795,"date":"2026-04-29T06:17:17","date_gmt":"2026-04-29T09:17:17","guid":{"rendered":"https:\/\/vagas.portalemprego.com.br\/?p=6795"},"modified":"2026-04-29T06:17:17","modified_gmt":"2026-04-29T09:17:17","slug":"estagiario-de-arquitetura-arquitetura-decoracao-design-rio-de-janeiro-3","status":"publish","type":"post","link":"https:\/\/vagas.portalemprego.com.br\/?p=6795","title":{"rendered":"Estagi\u00e1rio de Arquitetura &#8211; Arquitetura, Decora\u00e7\u00e3o, Design &#8211; Rio de Janeiro"},"content":{"rendered":"<p>PERFIL:<br \/>\nIndividuo entusiasmado, comportamento proativo, que busque adquirir experi\u00eancia pr\u00e1tica e desenvolver habilidades espec\u00edficas relacionadas \u00e0 projetos em tecnologia modular, interesse por inova\u00e7\u00e3o. Profissional empenhado em aprender e contribuir, capaz de trabalha em estreita colabora\u00e7\u00e3o com membros da equipe para alcan\u00e7ar objetivos comuns.<br \/>\nFUN\u00c7\u00d5ES:<br \/>\nAuxiliar no desenvolvimento de projetos no seguimento modular, em todas as etapas, na elabora\u00e7\u00e3o de memoriais descritivos, lan\u00e7amento de dados em sistemas, atuar com aux\u00edlio nas atividades de projetos no Sketchup ou AutoCAD, medi\u00e7\u00e3o, planilhas e documentos, arquivamento, desenvolvimento de projetos executivos com supervis\u00e3o, realizar a quantifica\u00e7\u00e3o e especifica\u00e7\u00f5es de materiais mantendo contato com terceiros e fornecedores.<br \/>\nO estagi\u00e1rio do setor desenvolvimentos de projetos representa uma fonte de energia e entusiasmo para a equipe, trazendo novas ideias e perspectivas enquanto adquire experi\u00eancia pr\u00e1tica e desenvolve habilidades essenciais para sua futura carreira profissional. Essa posi\u00e7\u00e3o oferece uma oportunidade valiosa para crescer e contribuir em um ambiente din\u00e2mico e desafiador.<\/p>\n<p>FORMA\u00c7\u00c3O E EXPERI\u00caNCIA:<br \/>\n\u2022\tCursando Gradua\u00e7\u00e3o em Arquitetura e Urbanismo ou Engenharia Civil a partir do 5\u00baano.<br \/>\n\u2022\tModelagem 3D: Dom\u00ednio de software de modelagem 3D, SketchUp e AutoCAD. Capacidade de elaborar modelos a partir de uma biblioteca, elaborar maquetes digitais para apresenta\u00e7\u00f5es de projetos.<br \/>\n\u2022\tConhecimento B\u00e1sico em Gest\u00e3o de Projetos: Familiaridade com ferramentas de colabora\u00e7\u00e3o, como Microsoft Excel, Google Docs, Trello, Microsoft Planner, Microsoft Power BI.<br \/>\n\u2022\tExperi\u00eancia pr\u00e9via em projetos acad\u00eamicos ou extracurriculares relacionados \u00e0 inova\u00e7\u00e3o ser\u00e1 considerada uma vantagem.<\/p>\n<p>HABILIDADES E COMPET\u00caNCIAS:<br \/>\n1.\tConhecimento em Design Arquitet\u00f4nico: Entendimento dos princ\u00edpios de design arquitet\u00f4nico, incluindo propor\u00e7\u00e3o, escala, forma e fun\u00e7\u00e3o. Capacidade de aplicar esses conceitos de forma criativa em modelos 3D, garantindo que os projetos atendam aos requisitos est\u00e9ticos e funcionais.<br \/>\n2.\tAprendizado R\u00e1pido: Capacidade de assimilar novos conceitos, ferramentas e metodologias rapidamente, demonstrando curiosidade e vontade de aprender.<br \/>\n3.\tColabora\u00e7\u00e3o e Trabalho em Equipe: Disposi\u00e7\u00e3o para trabalhar em equipe e colaborar com colegas de diferentes \u00e1reas. Habilidade para se comunicar de forma eficaz.<br \/>\n4.\tOrganiza\u00e7\u00e3o e Gest\u00e3o do Tempo: Capacidade de gerenciar m\u00faltiplas tarefas simultaneamente, priorizando atividades e cumprindo prazos estabelecidos.<br \/>\n5.\tResolu\u00e7\u00e3o de Problemas: Capacidade de identificar desafios e buscar solu\u00e7\u00f5es criativas e eficazes.<br \/>\n6.\tAdaptabilidade: Flexibilidade para se adaptar a mudan\u00e7as e responder de forma proativa a novos requisitos e circunst\u00e2ncias.<br \/>\n7.\tComunica\u00e7\u00e3o: Habilidade para comunicar ideias de forma clara e concisa, tanto verbalmente quanto por escrito. Capacidade de expressar pensamentos e contribuir para discuss\u00f5es de equipe.<br \/>\n8.\tInteresse pela Inova\u00e7\u00e3o: Paix\u00e3o pela inova\u00e7\u00e3o e interesse em acompanhar as tend\u00eancias do mercado. Curiosidade para explorar novas tecnologias e metodologias de trabalho.<\/p>\n<ul>\n<li>Local de trabalho: Rio de Janeiro, RJ<\/li>\n<li>Regime de contrata\u00e7\u00e3o de tipo: Est\u00e1gio<\/li>\n<li>Jornada: Parcial manh\u00e3s<\/li>\n<li>\u00c1rea e especializa\u00e7\u00e3o profissional: Arquitetura, Decora\u00e7\u00e3o, Design &#8211; Arquitetura, Urbanismo<\/li>\n<li>N\u00edvel hier\u00e1rquico: Estagi\u00e1rio<\/li>\n<\/ul>\n<p>Escolaridade M\u00ednima: Ensino Superior<\/p>\n<ul>\n<li>Vale-transporte<\/li>\n<li>Refei\u00e7\u00e3o no local<\/li>\n<\/ul>\n<p>Sal\u00e1rio: 1578,73<\/p>\n","protected":false},"excerpt":{"rendered":"<p>PERFIL: Individuo entusiasmado, comportamento proativo, que busque adquirir experi\u00eancia pr\u00e1tica e desenvolver habilidades espec\u00edficas relacionadas \u00e0 projetos em tecnologia modular, interesse por inova\u00e7\u00e3o. Profissional empenhado em aprender e contribuir, capaz de trabalha em estreita colabora\u00e7\u00e3o com membros da equipe para alcan\u00e7ar objetivos comuns. FUN\u00c7\u00d5ES: Auxiliar no desenvolvimento de projetos no seguimento modular, em todas as [&hellip;]<\/p>\n","protected":false},"author":1,"featured_media":0,"comment_status":"open","ping_status":"open","sticky":false,"template":"","format":"standard","meta":{"footnotes":""},"categories":[21],"tags":[],"class_list":["post-6795","post","type-post","status-publish","format-standard","hentry","category-rio-de-janeiro-rj"],"_links":{"self":[{"href":"https:\/\/vagas.portalemprego.com.br\/index.php?rest_route=\/wp\/v2\/posts\/6795","targetHints":{"allow":["GET"]}}],"collection":[{"href":"https:\/\/vagas.portalemprego.com.br\/index.php?rest_route=\/wp\/v2\/posts"}],"about":[{"href":"https:\/\/vagas.portalemprego.com.br\/index.php?rest_route=\/wp\/v2\/types\/post"}],"author":[{"embeddable":true,"href":"https:\/\/vagas.portalemprego.com.br\/index.php?rest_route=\/wp\/v2\/users\/1"}],"replies":[{"embeddable":true,"href":"https:\/\/vagas.portalemprego.com.br\/index.php?rest_route=%2Fwp%2Fv2%2Fcomments&post=6795"}],"version-history":[{"count":0,"href":"https:\/\/vagas.portalemprego.com.br\/index.php?rest_route=\/wp\/v2\/posts\/6795\/revisions"}],"wp:attachment":[{"href":"https:\/\/vagas.portalemprego.com.br\/index.php?rest_route=%2Fwp%2Fv2%2Fmedia&parent=6795"}],"wp:term":[{"taxonomy":"category","embeddable":true,"href":"https:\/\/vagas.portalemprego.com.br\/index.php?rest_route=%2Fwp%2Fv2%2Fcategories&post=6795"},{"taxonomy":"post_tag","embeddable":true,"href":"https:\/\/vagas.portalemprego.com.br\/index.php?rest_route=%2Fwp%2Fv2%2Ftags&post=6795"}],"curies":[{"name":"wp","href":"https:\/\/api.w.org\/{rel}","templated":true}]}}