{"id":6798,"date":"2026-04-29T06:17:17","date_gmt":"2026-04-29T09:17:17","guid":{"rendered":"https:\/\/vagas.portalemprego.com.br\/?p=6798"},"modified":"2026-04-29T06:17:17","modified_gmt":"2026-04-29T09:17:17","slug":"tecnico-de-meio-ambiente-meio-ambiente-ecologia-rio-de-janeiro-2","status":"publish","type":"post","link":"https:\/\/vagas.portalemprego.com.br\/?p=6798","title":{"rendered":"T\u00e9cnico de Meio Ambiente &#8211; Meio Ambiente, Ecologia &#8211; Rio de Janeiro"},"content":{"rendered":"<p>REQUISITOS:<br \/>\n\u2022\tForma\u00e7\u00e3o acad\u00eamica Tecn\u00f3logo ou Engenharia Ambiental;<br \/>\n\u2022\tExperi\u00eancia em Meio Ambiente;<br \/>\n\u2022\tPacote office completo;<br \/>\n\u2022\tConhecimento em normas e legisla\u00e7\u00e3o ambiental;<br \/>\n\u2022\tConhecimento em gest\u00e3o de res\u00edduos;<br \/>\n\u2022\tConhecimento em licenciamento ambiental;<\/p>\n<p>ATIVIDADES:<br \/>\n\u2022\tGerir os sistema CTF \u2013 IBAMA;<br \/>\n\u2022\tGerir condicionantes da Licen\u00e7a Ambiental \u2013 INEA;<br \/>\n\u2022\tGerir os sistemas de gest\u00e3o MTR \u2013 INEA;<br \/>\n\u2022\tMonitorar as a\u00e7\u00f5es previstas no PGRS;<br \/>\n\u2022\tMonitorar as a\u00e7\u00f5es previstas no PEA;<br \/>\n\u2022\tOferecer suporte t\u00e9cnico \u00e0s \u00e1reas.<br \/>\n\u2022\tAuditar internamente a aplica\u00e7\u00e3o dos procedimentos e medidas ligadas ao sistema de gest\u00e3o ambiental;<br \/>\n\u2022\tAcompanhar e dar suporte aos processos e sistemas de certifica\u00e7\u00f5es;<br \/>\n\u2022\tAcompanhar auditorias ambientais de \u00f3rg\u00e3os reguladores;<br \/>\n\u2022\tIdentificar e desenvolver projetos corporativos alinhados ao sistema de gest\u00e3o ambiental;<br \/>\n\u2022\tAtualizar a documenta\u00e7\u00e3o ambiental<br \/>\n\u2022\tAcompanhar e difundir os processos, pol\u00edticas e normas da legisla\u00e7\u00e3o ambiental e a sua aplicabilidade;<br \/>\n\u2022\tRealizar acompanhamento ao atendimento dos requisitos de conformidade legal;<br \/>\n\u2022\tCapacitar colaboradores e prestadores de servi\u00e7o aos requisitos do sistema de gest\u00e3o ambiental;<br \/>\n\u2022\tAnalisar laudos quali-quantitativos e cumprimento regulat\u00f3rio;<br \/>\n\u2022\tElaborar relat\u00f3rios t\u00e9cnicos e a\u00e7\u00f5es de comunica\u00e7\u00e3o ambiental.<br \/>\n\u2022\tApoiar e treinar os profissionais internos com rela\u00e7\u00e3o as normas ambientais e pr\u00e1ticas internas.<\/p>\n<p>Local de Trabalho: Bonsucesso<br \/>\nHor\u00e1rio: 07:30 \u00e0s 17:33 (de segunda \u00e0 sexta)<\/p>\n<p>Empresa Oferece:<br \/>\nSal\u00e1rio:  \u00c0 combinar<br \/>\nBenef\u00edcios: VT + Refei\u00e7\u00e3o no local com desconto de R$3,00 em contra cheque + Plano de Sa\u00fade e Odontol\u00f3gico (ap\u00f3s per\u00edodo de experi\u00eancia) sendo realizado um desconto mensal e coparticipa\u00e7\u00e3o em contra cheque + seguro de vida + aux\u00edlio funeral<\/p>\n<ul>\n<li>Local de trabalho: Rio de Janeiro, RJ<\/li>\n<li>Regime de contrata\u00e7\u00e3o de tipo: Efetivo \u2013 CLT<\/li>\n<li>Jornada: Per\u00edodo Integral<\/li>\n<li>\u00c1rea e especializa\u00e7\u00e3o profissional: Meio Ambiente, Ecologia &#8211; Gest\u00e3o Ambiental<\/li>\n<li>N\u00edvel hier\u00e1rquico: Assistente<\/li>\n<\/ul>\n<p>Escolaridade M\u00ednima: Ensino Superior<\/p>\n<ul>\n<li>Seguro de Vida<\/li>\n<li>Assist\u00eancia m\u00e9dica<\/li>\n<li>Assist\u00eancia odontol\u00f3gica<\/li>\n<li>Refei\u00e7\u00e3o no local<\/li>\n<li>Vale-transporte<\/li>\n<\/ul>\n","protected":false},"excerpt":{"rendered":"<p>REQUISITOS: \u2022 Forma\u00e7\u00e3o acad\u00eamica Tecn\u00f3logo ou Engenharia Ambiental; \u2022 Experi\u00eancia em Meio Ambiente; \u2022 Pacote office completo; \u2022 Conhecimento em normas e legisla\u00e7\u00e3o ambiental; \u2022 Conhecimento em gest\u00e3o de res\u00edduos; \u2022 Conhecimento em licenciamento ambiental; ATIVIDADES: \u2022 Gerir os sistema CTF \u2013 IBAMA; \u2022 Gerir condicionantes da Licen\u00e7a Ambiental \u2013 INEA; \u2022 Gerir os sistemas [&hellip;]<\/p>\n","protected":false},"author":1,"featured_media":0,"comment_status":"open","ping_status":"open","sticky":false,"template":"","format":"standard","meta":{"footnotes":""},"categories":[21],"tags":[],"class_list":["post-6798","post","type-post","status-publish","format-standard","hentry","category-rio-de-janeiro-rj"],"_links":{"self":[{"href":"https:\/\/vagas.portalemprego.com.br\/index.php?rest_route=\/wp\/v2\/posts\/6798","targetHints":{"allow":["GET"]}}],"collection":[{"href":"https:\/\/vagas.portalemprego.com.br\/index.php?rest_route=\/wp\/v2\/posts"}],"about":[{"href":"https:\/\/vagas.portalemprego.com.br\/index.php?rest_route=\/wp\/v2\/types\/post"}],"author":[{"embeddable":true,"href":"https:\/\/vagas.portalemprego.com.br\/index.php?rest_route=\/wp\/v2\/users\/1"}],"replies":[{"embeddable":true,"href":"https:\/\/vagas.portalemprego.com.br\/index.php?rest_route=%2Fwp%2Fv2%2Fcomments&post=6798"}],"version-history":[{"count":0,"href":"https:\/\/vagas.portalemprego.com.br\/index.php?rest_route=\/wp\/v2\/posts\/6798\/revisions"}],"wp:attachment":[{"href":"https:\/\/vagas.portalemprego.com.br\/index.php?rest_route=%2Fwp%2Fv2%2Fmedia&parent=6798"}],"wp:term":[{"taxonomy":"category","embeddable":true,"href":"https:\/\/vagas.portalemprego.com.br\/index.php?rest_route=%2Fwp%2Fv2%2Fcategories&post=6798"},{"taxonomy":"post_tag","embeddable":true,"href":"https:\/\/vagas.portalemprego.com.br\/index.php?rest_route=%2Fwp%2Fv2%2Ftags&post=6798"}],"curies":[{"name":"wp","href":"https:\/\/api.w.org\/{rel}","templated":true}]}}