{"id":6807,"date":"2026-04-29T06:18:18","date_gmt":"2026-04-29T09:18:18","guid":{"rendered":"https:\/\/vagas.portalemprego.com.br\/?p=6807"},"modified":"2026-04-29T06:18:18","modified_gmt":"2026-04-29T09:18:18","slug":"assistente-de-vendas-de-loja-comercial-vendas-rio-de-janeiro-2","status":"publish","type":"post","link":"https:\/\/vagas.portalemprego.com.br\/?p=6807","title":{"rendered":"Assistente de Vendas de Loja &#8211; Comercial, Vendas &#8211; Rio de Janeiro"},"content":{"rendered":"<p>Vaga de Emprego: Assistente de Vendas<\/p>\n<p>Estamos em busca de um profissional din\u00e2mico e com experi\u00eancia em vendas para se juntar ao nosso time na LUANDRE SERVI\u00c7OS TEMPOR\u00c1RIOS LTDA.<\/p>\n<p>O candidato ideal dever\u00e1 ter habilidades espec\u00edficas que se alinham com as necessidades do nosso neg\u00f3cio.<\/p>\n<p>Viv\u00eancia com vendas de cosm\u00e9ticos ou dermocosmeticos ou perfumaria s\u00e3o fundamentais para essa posi\u00e7\u00e3o.<br \/>\n.<br \/>\n\u00c9 importante que voc\u00ea tenha um hist\u00f3rico comprovado de sucesso em estrat\u00e9gias de vendas, com habilidades para identificar oportunidades de neg\u00f3cios e fechar vendas de forma efetiva.<\/p>\n<p>Al\u00e9m disso, experi\u00eancia em atendimento ao p\u00fablico \u00e9 essencial, pois voc\u00ea ser\u00e1 respons\u00e1vel por interagir com clientes de forma agrad\u00e1vel e profissional, garantindo uma excelente experi\u00eancia de compra.<\/p>\n<p>Se voc\u00ea tem expertise nesses produtos, ser\u00e1 um grande trunfo para nosso time.<br \/>\nA capacidade de oferecer conselhos de beleza e cuidados com a pele, al\u00e9m de demonstrar produtos de forma eficaz, \u00e9 crucial para o sucesso nesta posi\u00e7\u00e3o.<\/p>\n<p>Voc\u00ea ser\u00e1 parte de uma equipe comprometida em oferecer produtos de alta qualidade e servi\u00e7o excepcional.<br \/>\nSe voc\u00ea est\u00e1 buscando uma oportunidade onde suas habilidades de vendas e atendimento ao p\u00fablico podem ser aplicadas de forma significativa, esta \u00e9 a chance perfeita para voc\u00ea.<\/p>\n<p>Junte-se a n\u00f3s e fa\u00e7a parte de uma empresa que valoriza o crescimento profissional e o desenvolvimento de cada membro da equipe.<br \/>\nAguardamos seu curr\u00edculo com entusiasmo para avaliarmos sua adequa\u00e7\u00e3o ao perfil desejado.<\/p>\n<ul>\n<li>N\u00famero de vagas: 4<\/li>\n<li>Local de trabalho: Rio de Janeiro, RJ<\/li>\n<li>Regime de contrata\u00e7\u00e3o de tipo: Tempor\u00e1rio<\/li>\n<li>Jornada: Per\u00edodo Integral<\/li>\n<li>\u00c1rea e especializa\u00e7\u00e3o profissional: Comercial, Vendas &#8211; Lojas \/ Shopping<\/li>\n<li>N\u00edvel hier\u00e1rquico: Assistente<\/li>\n<\/ul>\n<p>VALORIZADO<\/p>\n<p>Tempo de experi\u00eancia: Entre 1 e 3 anos<\/p>\n<p>HABILIDADES<\/p>\n<ul>\n<li>Conhecimento de maquiagem e dermocosm\u00e9ticos<\/li>\n<li>Experi\u00eancia com atendimento a p\u00fablico<\/li>\n<li>Experi\u00eancia com vendas<\/li>\n<\/ul>\n<p>Escolaridade M\u00ednima: Ensino M\u00e9dio (2\u00ba Grau)<\/p>\n<ul>\n<li>Vale-refei\u00e7\u00e3o<\/li>\n<li>Vale-transporte<\/li>\n<\/ul>\n<p>Sal\u00e1rio: 1760,0<\/p>\n","protected":false},"excerpt":{"rendered":"<p>Vaga de Emprego: Assistente de Vendas Estamos em busca de um profissional din\u00e2mico e com experi\u00eancia em vendas para se juntar ao nosso time na LUANDRE SERVI\u00c7OS TEMPOR\u00c1RIOS LTDA. O candidato ideal dever\u00e1 ter habilidades espec\u00edficas que se alinham com as necessidades do nosso neg\u00f3cio. Viv\u00eancia com vendas de cosm\u00e9ticos ou dermocosmeticos ou perfumaria s\u00e3o [&hellip;]<\/p>\n","protected":false},"author":1,"featured_media":0,"comment_status":"open","ping_status":"open","sticky":false,"template":"","format":"standard","meta":{"footnotes":""},"categories":[21],"tags":[],"class_list":["post-6807","post","type-post","status-publish","format-standard","hentry","category-rio-de-janeiro-rj"],"_links":{"self":[{"href":"https:\/\/vagas.portalemprego.com.br\/index.php?rest_route=\/wp\/v2\/posts\/6807","targetHints":{"allow":["GET"]}}],"collection":[{"href":"https:\/\/vagas.portalemprego.com.br\/index.php?rest_route=\/wp\/v2\/posts"}],"about":[{"href":"https:\/\/vagas.portalemprego.com.br\/index.php?rest_route=\/wp\/v2\/types\/post"}],"author":[{"embeddable":true,"href":"https:\/\/vagas.portalemprego.com.br\/index.php?rest_route=\/wp\/v2\/users\/1"}],"replies":[{"embeddable":true,"href":"https:\/\/vagas.portalemprego.com.br\/index.php?rest_route=%2Fwp%2Fv2%2Fcomments&post=6807"}],"version-history":[{"count":0,"href":"https:\/\/vagas.portalemprego.com.br\/index.php?rest_route=\/wp\/v2\/posts\/6807\/revisions"}],"wp:attachment":[{"href":"https:\/\/vagas.portalemprego.com.br\/index.php?rest_route=%2Fwp%2Fv2%2Fmedia&parent=6807"}],"wp:term":[{"taxonomy":"category","embeddable":true,"href":"https:\/\/vagas.portalemprego.com.br\/index.php?rest_route=%2Fwp%2Fv2%2Fcategories&post=6807"},{"taxonomy":"post_tag","embeddable":true,"href":"https:\/\/vagas.portalemprego.com.br\/index.php?rest_route=%2Fwp%2Fv2%2Ftags&post=6807"}],"curies":[{"name":"wp","href":"https:\/\/api.w.org\/{rel}","templated":true}]}}