{"id":6810,"date":"2026-04-29T06:18:18","date_gmt":"2026-04-29T09:18:18","guid":{"rendered":"https:\/\/vagas.portalemprego.com.br\/?p=6810"},"modified":"2026-04-29T06:18:18","modified_gmt":"2026-04-29T09:18:18","slug":"tec-eletrica-industrial-industrial-producao-fabrica-paracambi","status":"publish","type":"post","link":"https:\/\/vagas.portalemprego.com.br\/?p=6810","title":{"rendered":"T\u00e9c. El\u00e9trica Industrial &#8211; Industrial, Produ\u00e7\u00e3o, F\u00e1brica &#8211; Paracambi"},"content":{"rendered":"<p>Estamos em busca de um T\u00e9cnico El\u00e9trica Industrial para se juntar ao nosso time de engenharia.<br \/>\nO candidato ideal dever\u00e1 ter s\u00f3lidos conhecimentos em quadros el\u00e9tricos e sistemas de automa\u00e7\u00e3o baseados em PLCs. <\/p>\n<p>A posi\u00e7\u00e3o exige uma compreens\u00e3o profunda dos princ\u00edpios de eletricidade industrial, com \u00eanfase na montagem, manuten\u00e7\u00e3o e diagn\u00f3stico de sistemas el\u00e9tricos.<br \/>\nO profissional dever\u00e1 ser capaz de projetar e implementar solu\u00e7\u00f5es el\u00e9tricas para diversas aplica\u00e7\u00f5es industriais, garantindo a efici\u00eancia e a seguran\u00e7a operacional.<\/p>\n<p>O candidato deve demonstrar experi\u00eancia pr\u00e1tica na configura\u00e7\u00e3o e programa\u00e7\u00e3o de PLCs, utilizando sistemas de automa\u00e7\u00e3o para otimizar processos industriais.<br \/>\nAl\u00e9m disso, \u00e9 essencial que o t\u00e9cnico possua habilidades de resolu\u00e7\u00e3o de problemas, com capacidade para identificar e corrigir falhas em sistemas el\u00e9tricos complexos.<\/p>\n<p>A posi\u00e7\u00e3o requer uma forte capacidade de trabalho em equipe, com foco na comunica\u00e7\u00e3o clara e na colabora\u00e7\u00e3o com outros engenheiros e t\u00e9cnicos.<br \/>\nO candidato dever\u00e1 est<\/p>\n<ul>\n<li>Local de trabalho: Paracambi, RJ<\/li>\n<li>Regime de contrata\u00e7\u00e3o de tipo: Efetivo \u2013 CLT<\/li>\n<li>Jornada: Per\u00edodo Integral<\/li>\n<li>\u00c1rea e especializa\u00e7\u00e3o profissional: Industrial, Produ\u00e7\u00e3o, F\u00e1brica &#8211; Produ\u00e7\u00e3o<\/li>\n<li>N\u00edvel hier\u00e1rquico: Operacional<\/li>\n<\/ul>\n<p>HABILIDADES<\/p>\n<ul>\n<li>PLC<\/li>\n<li>Conhecimento em quadros el\u00e9tricos<\/li>\n<\/ul>\n<p>Escolaridade M\u00ednima: Curso T\u00e9cnico<\/p>\n<ul>\n<li>Vale alimenta\u00e7\u00e3o<\/li>\n<li>Refei\u00e7\u00e3o no local<\/li>\n<li>Produtividade<\/li>\n<li>Plano de sa\u00fade coparticipativo<\/li>\n<li>Conv\u00eanios com Institui\u00e7\u00f5es de ensino<\/li>\n<li>Gympass<\/li>\n<\/ul>\n","protected":false},"excerpt":{"rendered":"<p>Estamos em busca de um T\u00e9cnico El\u00e9trica Industrial para se juntar ao nosso time de engenharia. O candidato ideal dever\u00e1 ter s\u00f3lidos conhecimentos em quadros el\u00e9tricos e sistemas de automa\u00e7\u00e3o baseados em PLCs. A posi\u00e7\u00e3o exige uma compreens\u00e3o profunda dos princ\u00edpios de eletricidade industrial, com \u00eanfase na montagem, manuten\u00e7\u00e3o e diagn\u00f3stico de sistemas el\u00e9tricos. O [&hellip;]<\/p>\n","protected":false},"author":1,"featured_media":0,"comment_status":"open","ping_status":"open","sticky":false,"template":"","format":"standard","meta":{"footnotes":""},"categories":[21],"tags":[],"class_list":["post-6810","post","type-post","status-publish","format-standard","hentry","category-rio-de-janeiro-rj"],"_links":{"self":[{"href":"https:\/\/vagas.portalemprego.com.br\/index.php?rest_route=\/wp\/v2\/posts\/6810","targetHints":{"allow":["GET"]}}],"collection":[{"href":"https:\/\/vagas.portalemprego.com.br\/index.php?rest_route=\/wp\/v2\/posts"}],"about":[{"href":"https:\/\/vagas.portalemprego.com.br\/index.php?rest_route=\/wp\/v2\/types\/post"}],"author":[{"embeddable":true,"href":"https:\/\/vagas.portalemprego.com.br\/index.php?rest_route=\/wp\/v2\/users\/1"}],"replies":[{"embeddable":true,"href":"https:\/\/vagas.portalemprego.com.br\/index.php?rest_route=%2Fwp%2Fv2%2Fcomments&post=6810"}],"version-history":[{"count":0,"href":"https:\/\/vagas.portalemprego.com.br\/index.php?rest_route=\/wp\/v2\/posts\/6810\/revisions"}],"wp:attachment":[{"href":"https:\/\/vagas.portalemprego.com.br\/index.php?rest_route=%2Fwp%2Fv2%2Fmedia&parent=6810"}],"wp:term":[{"taxonomy":"category","embeddable":true,"href":"https:\/\/vagas.portalemprego.com.br\/index.php?rest_route=%2Fwp%2Fv2%2Fcategories&post=6810"},{"taxonomy":"post_tag","embeddable":true,"href":"https:\/\/vagas.portalemprego.com.br\/index.php?rest_route=%2Fwp%2Fv2%2Ftags&post=6810"}],"curies":[{"name":"wp","href":"https:\/\/api.w.org\/{rel}","templated":true}]}}