{"id":6811,"date":"2026-04-29T06:18:18","date_gmt":"2026-04-29T09:18:18","guid":{"rendered":"https:\/\/vagas.portalemprego.com.br\/?p=6811"},"modified":"2026-04-29T06:18:18","modified_gmt":"2026-04-29T09:18:18","slug":"mecanico-manutencao-industrial-producao-fabrica-paracambi","status":"publish","type":"post","link":"https:\/\/vagas.portalemprego.com.br\/?p=6811","title":{"rendered":"Mec\u00e2nico Manuten\u00e7\u00e3o &#8211; Industrial, Produ\u00e7\u00e3o, F\u00e1brica &#8211; Paracambi"},"content":{"rendered":"<p>Estamos em busca de um Mec\u00e2nico de Manuten\u00e7\u00e3o experiente para se juntar \u00e0 nossa equipe.<br \/>\nEste cargo \u00e9 fundamental para garantir a efici\u00eancia e a funcionalidade de nossos equipamentos e sistemas mec\u00e2nicos.<br \/>\nO candidato ideal dever\u00e1 ter um profundo conhecimento em hidr\u00e1ulica e pneum\u00e1tica, al\u00e9m de uma capacidade comprovada para realizar manuten\u00e7\u00e3o preventiva e corretiva.<\/p>\n<p>O mec\u00e2nico ser\u00e1 respons\u00e1vel por diagnosticar problemas mec\u00e2nicos, realizar reparos e ajustes em m\u00e1quinas e equipamentos, e garantir que todos os sistemas operacionais estejam em pleno funcionamento.<br \/>\nA profiss\u00e3o exige uma aten\u00e7\u00e3o meticulosa aos detalhes e uma capacidade de trabalhar em ambientes que podem ser desafiadores.<\/p>\n<p>Al\u00e9m de habilidades t\u00e9cnicas, o candidato dever\u00e1 demonstrar uma capacidade de trabalhar em equipe, comunicar-se efetivamente e seguir rigorosamente os protocolos de seguran\u00e7a.<br \/>\nExperi\u00eancia em manuten\u00e7\u00e3o de sistemas hidr\u00e1ulicos e pneum\u00e1ticos \u00e9 essencial, assim como a capacidade de interpretar desenhos t\u00e9cnicos e manuais de opera\u00e7\u00e3o.<\/p>\n<p>Se voc\u00ea \u00e9 um profissional dedicado e tem um hist\u00f3rico comprovado em manuten\u00e7\u00e3o mec\u00e2nica, esta oportunidade pode ser perfeita para voc\u00ea.<br \/>\nJunte-se a n\u00f3s e contribua para manter nossos processos operacionais em pleno funcionamento.<\/p>\n<p>Interessados devem enviar seu curr\u00edculo para a vaga dispon\u00edvel.<br \/>\nEstamos ansiosos para conhecer profissionais talentosos que compartilhem nosso compromisso com a excel\u00eancia e a efici\u00eancia operacional.<\/p>\n<ul>\n<li>Local de trabalho: Paracambi, RJ<\/li>\n<li>Regime de contrata\u00e7\u00e3o de tipo: Efetivo \u2013 CLT<\/li>\n<li>Jornada: Per\u00edodo Integral<\/li>\n<li>\u00c1rea e especializa\u00e7\u00e3o profissional: Industrial, Produ\u00e7\u00e3o, F\u00e1brica &#8211; Produ\u00e7\u00e3o<\/li>\n<li>N\u00edvel hier\u00e1rquico: Operacional<\/li>\n<\/ul>\n<p>HABILIDADES<\/p>\n<ul>\n<li>Conhecimento em Hidr\u00e1ulica, Pneum\u00e1tica<\/li>\n<\/ul>\n<p>Escolaridade M\u00ednima: Curso T\u00e9cnico<\/p>\n<ul>\n<li>Vale alimenta\u00e7\u00e3o<\/li>\n<li>Produtividade<\/li>\n<li>Refei\u00e7\u00e3o no local<\/li>\n<li>Gympass<\/li>\n<li>Plano de sa\u00fade coparticipativo<\/li>\n<li>Vale transporte<\/li>\n<\/ul>\n","protected":false},"excerpt":{"rendered":"<p>Estamos em busca de um Mec\u00e2nico de Manuten\u00e7\u00e3o experiente para se juntar \u00e0 nossa equipe. Este cargo \u00e9 fundamental para garantir a efici\u00eancia e a funcionalidade de nossos equipamentos e sistemas mec\u00e2nicos. O candidato ideal dever\u00e1 ter um profundo conhecimento em hidr\u00e1ulica e pneum\u00e1tica, al\u00e9m de uma capacidade comprovada para realizar manuten\u00e7\u00e3o preventiva e corretiva. [&hellip;]<\/p>\n","protected":false},"author":1,"featured_media":0,"comment_status":"open","ping_status":"open","sticky":false,"template":"","format":"standard","meta":{"footnotes":""},"categories":[21],"tags":[],"class_list":["post-6811","post","type-post","status-publish","format-standard","hentry","category-rio-de-janeiro-rj"],"_links":{"self":[{"href":"https:\/\/vagas.portalemprego.com.br\/index.php?rest_route=\/wp\/v2\/posts\/6811","targetHints":{"allow":["GET"]}}],"collection":[{"href":"https:\/\/vagas.portalemprego.com.br\/index.php?rest_route=\/wp\/v2\/posts"}],"about":[{"href":"https:\/\/vagas.portalemprego.com.br\/index.php?rest_route=\/wp\/v2\/types\/post"}],"author":[{"embeddable":true,"href":"https:\/\/vagas.portalemprego.com.br\/index.php?rest_route=\/wp\/v2\/users\/1"}],"replies":[{"embeddable":true,"href":"https:\/\/vagas.portalemprego.com.br\/index.php?rest_route=%2Fwp%2Fv2%2Fcomments&post=6811"}],"version-history":[{"count":0,"href":"https:\/\/vagas.portalemprego.com.br\/index.php?rest_route=\/wp\/v2\/posts\/6811\/revisions"}],"wp:attachment":[{"href":"https:\/\/vagas.portalemprego.com.br\/index.php?rest_route=%2Fwp%2Fv2%2Fmedia&parent=6811"}],"wp:term":[{"taxonomy":"category","embeddable":true,"href":"https:\/\/vagas.portalemprego.com.br\/index.php?rest_route=%2Fwp%2Fv2%2Fcategories&post=6811"},{"taxonomy":"post_tag","embeddable":true,"href":"https:\/\/vagas.portalemprego.com.br\/index.php?rest_route=%2Fwp%2Fv2%2Ftags&post=6811"}],"curies":[{"name":"wp","href":"https:\/\/api.w.org\/{rel}","templated":true}]}}