{"id":6814,"date":"2026-04-29T06:18:18","date_gmt":"2026-04-29T09:18:18","guid":{"rendered":"https:\/\/vagas.portalemprego.com.br\/?p=6814"},"modified":"2026-04-29T06:18:18","modified_gmt":"2026-04-29T09:18:18","slug":"subgerente-de-restaurante-barra-da-tijuca-alimentacao-gastronomia-rio-de-janeiro","status":"publish","type":"post","link":"https:\/\/vagas.portalemprego.com.br\/?p=6814","title":{"rendered":"Subgerente de Restaurante  &#8211; Barra da Tijuca &#8211; Alimenta\u00e7\u00e3o \/ Gastronomia &#8211; Rio de Janeiro"},"content":{"rendered":"<p>A T\u00e1tico Talentos est\u00e1 em busca de um(a) Subgerente para compor a equipe de um restaurante localizado na Barra.<br \/>\nSe voc\u00ea tem experi\u00eancia em gest\u00e3o de equipe, atendimento ao cliente e opera\u00e7\u00e3o de bares ou restaurantes, venha fazer parte deste time! <\/p>\n<p>RESPONSABILIDADES:<br \/>\n&#8211; Apoiar o gerenciamento di\u00e1rio das opera\u00e7\u00f5es do RESTAURANTE<br \/>\n&#8211; Garantir um excelente atendimento ao cliente<br \/>\n&#8211; Supervisionar a equipe e auxiliar na gest\u00e3o de hor\u00e1rios e tarefas<br \/>\n&#8211; Colaborar no controle de estoque e pedidos<br \/>\n&#8211; Zelar pela organiza\u00e7\u00e3o e limpeza do ambiente<\/p>\n<p>REQUISITOS:<br \/>\n&#8211; Experi\u00eancia anterior em posi\u00e7\u00f5es de lideran\u00e7a em bares ou restaurantes<br \/>\n&#8211; Perfil comunicativo, proativo e com foco em resultados<br \/>\n&#8211; Disponibilidade para trabalhar em hor\u00e1rios flex\u00edveis<br \/>\n&#8211; Facilidade para lidar com clientes e resolver problemas<\/p>\n<p>SOBRE A VAGA:<br \/>\n&#8211; Formato CLT (carteira assinada)<br \/>\n&#8211; Remunera\u00e7\u00e3o:R$2.000,00<br \/>\n&#8211; Alimenta\u00e7\u00e3o no local<br \/>\n&#8211; Turno: DIA ou NOITE (importante ter disponibilidade entre os hor\u00e1rios de 09:00h \u00e0s 23h)<br \/>\n&#8211; VT<br \/>\n&#8211; Escala: 6&#215;1<br \/>\n&#8211; Muita oportunidade de crescimento<\/p>\n<p>Se identificou? Envie seu curr\u00edculo para n\u00f3s e venha fazer parte dessa experi\u00eancia incr\u00edvel.<\/p>\n<ul>\n<li>Local de trabalho: Rio de Janeiro, RJ<\/li>\n<li>Regime de contrata\u00e7\u00e3o de tipo: Efetivo \u2013 CLT<\/li>\n<li>Jornada: Per\u00edodo Integral<\/li>\n<li>\u00c1rea e especializa\u00e7\u00e3o profissional: Alimenta\u00e7\u00e3o \/ Gastronomia &#8211; Gastronomia<\/li>\n<li>N\u00edvel hier\u00e1rquico: Gerente<\/li>\n<\/ul>\n<p>VALORIZADO<\/p>\n<p>Tempo de experi\u00eancia: Entre 1 e 3 anos<\/p>\n<p>Escolaridade M\u00ednima: Ensino M\u00e9dio (2\u00ba Grau)<\/p>\n<p>Idiomas:<\/p>\n<ul>\n<li>Ingl\u00eas (B\u00e1sico)<\/li>\n<\/ul>\n","protected":false},"excerpt":{"rendered":"<p>A T\u00e1tico Talentos est\u00e1 em busca de um(a) Subgerente para compor a equipe de um restaurante localizado na Barra. Se voc\u00ea tem experi\u00eancia em gest\u00e3o de equipe, atendimento ao cliente e opera\u00e7\u00e3o de bares ou restaurantes, venha fazer parte deste time! RESPONSABILIDADES: &#8211; Apoiar o gerenciamento di\u00e1rio das opera\u00e7\u00f5es do RESTAURANTE &#8211; Garantir um excelente [&hellip;]<\/p>\n","protected":false},"author":1,"featured_media":0,"comment_status":"open","ping_status":"open","sticky":false,"template":"","format":"standard","meta":{"footnotes":""},"categories":[21],"tags":[],"class_list":["post-6814","post","type-post","status-publish","format-standard","hentry","category-rio-de-janeiro-rj"],"_links":{"self":[{"href":"https:\/\/vagas.portalemprego.com.br\/index.php?rest_route=\/wp\/v2\/posts\/6814","targetHints":{"allow":["GET"]}}],"collection":[{"href":"https:\/\/vagas.portalemprego.com.br\/index.php?rest_route=\/wp\/v2\/posts"}],"about":[{"href":"https:\/\/vagas.portalemprego.com.br\/index.php?rest_route=\/wp\/v2\/types\/post"}],"author":[{"embeddable":true,"href":"https:\/\/vagas.portalemprego.com.br\/index.php?rest_route=\/wp\/v2\/users\/1"}],"replies":[{"embeddable":true,"href":"https:\/\/vagas.portalemprego.com.br\/index.php?rest_route=%2Fwp%2Fv2%2Fcomments&post=6814"}],"version-history":[{"count":0,"href":"https:\/\/vagas.portalemprego.com.br\/index.php?rest_route=\/wp\/v2\/posts\/6814\/revisions"}],"wp:attachment":[{"href":"https:\/\/vagas.portalemprego.com.br\/index.php?rest_route=%2Fwp%2Fv2%2Fmedia&parent=6814"}],"wp:term":[{"taxonomy":"category","embeddable":true,"href":"https:\/\/vagas.portalemprego.com.br\/index.php?rest_route=%2Fwp%2Fv2%2Fcategories&post=6814"},{"taxonomy":"post_tag","embeddable":true,"href":"https:\/\/vagas.portalemprego.com.br\/index.php?rest_route=%2Fwp%2Fv2%2Ftags&post=6814"}],"curies":[{"name":"wp","href":"https:\/\/api.w.org\/{rel}","templated":true}]}}