{"id":6815,"date":"2026-04-29T06:18:18","date_gmt":"2026-04-29T09:18:18","guid":{"rendered":"https:\/\/vagas.portalemprego.com.br\/?p=6815"},"modified":"2026-04-29T06:18:18","modified_gmt":"2026-04-29T09:18:18","slug":"telefonista-pcd-administracao-rio-de-janeiro","status":"publish","type":"post","link":"https:\/\/vagas.portalemprego.com.br\/?p=6815","title":{"rendered":"Telefonista (PCD) &#8211; Administra\u00e7\u00e3o &#8211; Rio de Janeiro"},"content":{"rendered":"<p>DESCRI\u00c7\u00c3O DA VAGA<\/p>\n<p>A hora de fazer parte de um time comprometido, acolhedor e que leva sa\u00fade para milh\u00f5es de pessoas \u00e9 agora!<br \/>\nEstamos na busca de profissionais para compor a nossa equipe!<br \/>\nSe voc\u00ea \u00e9 comprometido(a) e apaixonado(a) por novos desafios, aqui \u00e9 o seu lugar!<\/p>\n<p>Fa\u00e7a seu cadastro e envie seu curr\u00edculo!<\/p>\n<p>RESPONSABILIDADES E ATRIBUI\u00c7\u00d5ES<\/p>\n<p>Operar equipamento telef\u00f4nico, estabelecer liga\u00e7\u00f5es internas e externas e efetuar a transfer\u00eancia de chamada para o ramal solicitado; Prestar informa\u00e7\u00f5es aos usu\u00e1rios sobre a localiza\u00e7\u00e3o do hospital, itiner\u00e1rios, pacientes internados , consultar lista telef\u00f4nica interna, pesquisar banco de dados telef\u00f4nico e manter atualizado o cadastro dos n\u00fameros de telefones e de ramais de interesse do hospital; Controlar e manter atualizada a pasta de bipes para agilizar o contato com especialistas de plant\u00e3o \u00e0 dist\u00e2ncia; Controlar as liga\u00e7\u00f5es efetuadas e registrar em formul\u00e1rio pr\u00f3prio; Conhecer as atividades do hospital e interpretar os assuntos solicitados para facilitar e agilizar o direcionamento das chamadas; Efetuar chamadas internas pelo alto falante para a localiza\u00e7\u00e3o de funcion\u00e1rios e\/ou profissionais terceiros; Zelar pelo equipamento, identificar defeitos e solicitar os reparos.<\/p>\n<p>REQUISISTOS E QUALIFICA\u00c7\u00d5ES<\/p>\n<p>Obrigat\u00f3rio: <\/p>\n<p>Ensino M\u00e9dio Completo;<br \/>\nConhecimento b\u00e1sico em inform\u00e1tica.<\/p>\n<p>Desej\u00e1vel: <\/p>\n<p>Experi\u00eancia na fun\u00e7\u00e3o<\/p>\n<ul>\n<li>Local de trabalho: Rio de Janeiro, RJ<\/li>\n<li>Regime de contrata\u00e7\u00e3o de tipo: Efetivo \u2013 CLT<\/li>\n<li>Jornada: Per\u00edodo Integral<\/li>\n<li>\u00c1rea e especializa\u00e7\u00e3o profissional: Administra\u00e7\u00e3o &#8211; Secretariado<\/li>\n<li>N\u00edvel hier\u00e1rquico: Auxiliar<\/li>\n<\/ul>\n<p>VALORIZADO<\/p>\n<p>Tempo de experi\u00eancia: Menos de 1 ano<\/p>\n<p>Escolaridade M\u00ednima: Ensino M\u00e9dio (2\u00ba Grau)<\/p>\n<ul>\n<li>Vale Alimenta\u00e7\u00e3o<\/li>\n<li>Assist\u00eancia M\u00e9dica<\/li>\n<li>Assist\u00eancia Odontol\u00f3gica<\/li>\n<li>Conv\u00eanio com Farm\u00e1cia<\/li>\n<li>Vale Transporte<\/li>\n<li>Aux\u00edlio Creche<\/li>\n<li>Totalpass<\/li>\n<li>Seguro de Vida<\/li>\n<\/ul>\n","protected":false},"excerpt":{"rendered":"<p>DESCRI\u00c7\u00c3O DA VAGA A hora de fazer parte de um time comprometido, acolhedor e que leva sa\u00fade para milh\u00f5es de pessoas \u00e9 agora! Estamos na busca de profissionais para compor a nossa equipe! Se voc\u00ea \u00e9 comprometido(a) e apaixonado(a) por novos desafios, aqui \u00e9 o seu lugar! Fa\u00e7a seu cadastro e envie seu curr\u00edculo! RESPONSABILIDADES [&hellip;]<\/p>\n","protected":false},"author":1,"featured_media":0,"comment_status":"open","ping_status":"open","sticky":false,"template":"","format":"standard","meta":{"footnotes":""},"categories":[21],"tags":[],"class_list":["post-6815","post","type-post","status-publish","format-standard","hentry","category-rio-de-janeiro-rj"],"_links":{"self":[{"href":"https:\/\/vagas.portalemprego.com.br\/index.php?rest_route=\/wp\/v2\/posts\/6815","targetHints":{"allow":["GET"]}}],"collection":[{"href":"https:\/\/vagas.portalemprego.com.br\/index.php?rest_route=\/wp\/v2\/posts"}],"about":[{"href":"https:\/\/vagas.portalemprego.com.br\/index.php?rest_route=\/wp\/v2\/types\/post"}],"author":[{"embeddable":true,"href":"https:\/\/vagas.portalemprego.com.br\/index.php?rest_route=\/wp\/v2\/users\/1"}],"replies":[{"embeddable":true,"href":"https:\/\/vagas.portalemprego.com.br\/index.php?rest_route=%2Fwp%2Fv2%2Fcomments&post=6815"}],"version-history":[{"count":0,"href":"https:\/\/vagas.portalemprego.com.br\/index.php?rest_route=\/wp\/v2\/posts\/6815\/revisions"}],"wp:attachment":[{"href":"https:\/\/vagas.portalemprego.com.br\/index.php?rest_route=%2Fwp%2Fv2%2Fmedia&parent=6815"}],"wp:term":[{"taxonomy":"category","embeddable":true,"href":"https:\/\/vagas.portalemprego.com.br\/index.php?rest_route=%2Fwp%2Fv2%2Fcategories&post=6815"},{"taxonomy":"post_tag","embeddable":true,"href":"https:\/\/vagas.portalemprego.com.br\/index.php?rest_route=%2Fwp%2Fv2%2Ftags&post=6815"}],"curies":[{"name":"wp","href":"https:\/\/api.w.org\/{rel}","templated":true}]}}