{"id":6816,"date":"2026-04-29T06:18:18","date_gmt":"2026-04-29T09:18:18","guid":{"rendered":"https:\/\/vagas.portalemprego.com.br\/?p=6816"},"modified":"2026-04-29T06:18:18","modified_gmt":"2026-04-29T09:18:18","slug":"tecnicoa-de-enfermagem-terapia-intensiva-saude-niteroi","status":"publish","type":"post","link":"https:\/\/vagas.portalemprego.com.br\/?p=6816","title":{"rendered":"T\u00e9cnico(a) de Enfermagem &#8211; Terapia Intensiva &#8211; Sa\u00fade &#8211; Niter\u00f3i"},"content":{"rendered":"<p>DESCRITIVO DA VAGA<\/p>\n<p>Voc\u00ea tem paix\u00e3o pelas pessoas e gosta de cuidar de gente?<br \/>\nNa Dasa, al\u00e9m de uma empresa reconhecida em gest\u00e3o em cuidados, contamos com mais de 59 marcas entre medicina diagn\u00f3stica e hospitais, distribu\u00eddas em mais de 900 unidades no Brasil. Cuidamos e acolhemos mais de 20 milh\u00f5es de pessoas por ano, acolhemos a vida, a sa\u00fade e as rela\u00e7\u00f5es, de forma integral e apaixonada.<br \/>\nSa\u00fade \u00e9 uma \u00e1rea complexa. No time assistencial, voc\u00ea encontra um ambiente \u00e1gil com pessoas que cuidam, acolhem e transformam o jeito de fazer sa\u00fade.<\/p>\n<p>Para n\u00f3s, diversidade importa!<br \/>\nReconhecemos que a diversidade amplia a inova\u00e7\u00e3o nos ambientes, mas acima de tudo, temos a certeza de que somos parte da transforma\u00e7\u00e3o. Promovemos dignidade e respeito a todas as pessoas, para que se sintam seguras em ser quem s\u00e3o.<\/p>\n<p>Nossas oportunidades s\u00e3o para todas as pessoas que acreditam na transforma\u00e7\u00e3o do futuro da sa\u00fade. Incentivamos a candidatura de todos que reconhecem a import\u00e2ncia da constru\u00e7\u00e3o de um ambiente livre de preconceitos, ass\u00e9dio e discrimina\u00e7\u00e3o fa\u00e7a parte da transforma\u00e7\u00e3o e #VemSerDasa. Juntos entregamos o nosso melhor sempre.<\/p>\n<p>Seja voc\u00ea a pessoa que transforma o futuro da sa\u00fade, #VemSerDasa.<br \/>\n#VemPraDasa #DasaLovers #VemSerDasa<\/p>\n<p>Importante: n\u00e3o efetuamos cobran\u00e7as de taxas em nossos processos seletivos.<\/p>\n<p>INFORMA\u00c7\u00d5ES SOBRE A VAGA: <\/p>\n<p>LOCAL: COMPLEXO HOSPITALAR DE NITEROI &#8211; Rio de Janeiro<br \/>\nHor\u00e1rio: 7h \u00e0s 19h, 12&#215;36.<\/p>\n<p>RESPONSABILIDADES E ATRIBUI\u00c7\u00d5ES<\/p>\n<p>Sobre a posi\u00e7\u00e3o:<br \/>\nRespons\u00e1vel por assistir e auxiliar no cuidado assistencial de enfermagem aos(as) pacientes da unidade, realizando orienta\u00e7\u00f5es e procedimentos de enfermagem utilizando t\u00e9cnicas ass\u00e9pticas, seguindo as prescri\u00e7\u00f5es m\u00e9dica e de enfermagem, visando atender ao tratamento prescrito, de acordo com as normas, os procedimentos e padr\u00f5es estabelecidos, a recupera\u00e7\u00e3o e a preserva\u00e7\u00e3o da sa\u00fade dos(as) pacientes, bem como o cumprimento das metas da \u00e1rea.<\/p>\n<p>REQUISITOS E QUALIFICA\u00c7\u00d5ES<br \/>\nSe voc\u00ea acredita no cuidado que acolhe e quer transformar a sa\u00fade no mundo, em nossa \u00e1rea assistenciais voc\u00ea encontra um lugar de cuidado e acolhimento.<\/p>\n<p>Para transformar a sa\u00fade \u00e9 preciso:<br \/>\n\u2022\tEnsino m\u00e9dio completo;<br \/>\n\u2022\tT\u00e9cnico em Enfermagem com COREN ativo;<br \/>\n\u2022\tNecess\u00e1rio experi\u00eancia na \u00e1rea;<br \/>\n\u2022\tDesej\u00e1vel viv\u00eancia com Prontu\u00e1rio Eletr\u00f4nico;<\/p>\n<p>INFORMA\u00c7\u00d5ES ADICIONAIS<br \/>\n\u00c9 cuidando da nossa gente que vamos ser a sa\u00fade que as pessoas desejam e que o mundo precisa, confira os nossos benef\u00edcios:<br \/>\n\u2022\tCuidados com a alimenta\u00e7\u00e3o: Vale Refei\u00e7\u00e3o\/Vale Alimenta\u00e7\u00e3o ou Refeit\u00f3rio no local de trabalho (de acordo com a localidade);<br \/>\n\u2022\tCuidados com a sa\u00fade: Plano de Sa\u00fade e Seguro de Vida;<br \/>\n\u2022\tCuidados com o seu desenvolvimento: Universidade Dasa, Ciclo de Desenvolvimento e Carreira, Academias de Tecnologia\/PMAX e Programa Crescer dentro da Dasa;<br \/>\n\u2022\tOutros: Vale Transporte e Bonifica\u00e7\u00e3o por desempenho (PPR).<\/p>\n<p> S\u00f3 a Dasa tem \u2013 Programa de Sa\u00fade, pautado em 5 pilares:<br \/>\n\u2022\tEspiritual: yoga;<br \/>\n\u2022\tF\u00edsico: TotalPass, cl\u00ednica de aten\u00e7\u00e3o prim\u00e1ria, descontos em exames e vacinas;<br \/>\n\u2022\tIntelectual: Universidade Dasa;<br \/>\n\u2022\tRelacional: Clube de vantagens UAU e benef\u00edcios SESC;<br \/>\n\u2022\tEmocional: Telepsicologia.<br \/>\n*Os benef\u00edcios podem sofrer altera\u00e7\u00e3o de acordo com a regi\u00e3o da vaga e da marca.<\/p>\n<p>Importante: Voc\u00ea est\u00e1 se candidatando para o nosso banco de talentos para vagas em todo o Brasil, nas localidades em que a Dasa possui opera\u00e7\u00f5es (regi\u00f5es Nordeste, Centro Oeste, Sudeste e Sul do Brasil), portanto, ressaltamos que assim que surgir uma vaga que melhor se adeque ao seu perfil, entraremos em contato com voc\u00ea. Enquanto isso, mantenha as suas informa\u00e7\u00f5es atualizadas e cumpra todas as etapas de testes online, assim, podemos conhecer mais sobre voc\u00ea.<\/p>\n<ul>\n<li>Local de trabalho: Niter\u00f3i, RJ<\/li>\n<li>Regime de contrata\u00e7\u00e3o de tipo: Efetivo \u2013 CLT<\/li>\n<li>Jornada: Per\u00edodo Integral<\/li>\n<li>\u00c1rea e especializa\u00e7\u00e3o profissional: Sa\u00fade &#8211; Enfermagem<\/li>\n<li>N\u00edvel hier\u00e1rquico: Auxiliar<\/li>\n<\/ul>\n<p>VALORIZADO<\/p>\n<p>Tempo de experi\u00eancia: Menos de 1 ano<\/p>\n<p>Escolaridade M\u00ednima: Curso T\u00e9cnico<\/p>\n","protected":false},"excerpt":{"rendered":"<p>DESCRITIVO DA VAGA Voc\u00ea tem paix\u00e3o pelas pessoas e gosta de cuidar de gente? Na Dasa, al\u00e9m de uma empresa reconhecida em gest\u00e3o em cuidados, contamos com mais de 59 marcas entre medicina diagn\u00f3stica e hospitais, distribu\u00eddas em mais de 900 unidades no Brasil. Cuidamos e acolhemos mais de 20 milh\u00f5es de pessoas por ano, [&hellip;]<\/p>\n","protected":false},"author":1,"featured_media":0,"comment_status":"open","ping_status":"open","sticky":false,"template":"","format":"standard","meta":{"footnotes":""},"categories":[21],"tags":[],"class_list":["post-6816","post","type-post","status-publish","format-standard","hentry","category-rio-de-janeiro-rj"],"_links":{"self":[{"href":"https:\/\/vagas.portalemprego.com.br\/index.php?rest_route=\/wp\/v2\/posts\/6816","targetHints":{"allow":["GET"]}}],"collection":[{"href":"https:\/\/vagas.portalemprego.com.br\/index.php?rest_route=\/wp\/v2\/posts"}],"about":[{"href":"https:\/\/vagas.portalemprego.com.br\/index.php?rest_route=\/wp\/v2\/types\/post"}],"author":[{"embeddable":true,"href":"https:\/\/vagas.portalemprego.com.br\/index.php?rest_route=\/wp\/v2\/users\/1"}],"replies":[{"embeddable":true,"href":"https:\/\/vagas.portalemprego.com.br\/index.php?rest_route=%2Fwp%2Fv2%2Fcomments&post=6816"}],"version-history":[{"count":0,"href":"https:\/\/vagas.portalemprego.com.br\/index.php?rest_route=\/wp\/v2\/posts\/6816\/revisions"}],"wp:attachment":[{"href":"https:\/\/vagas.portalemprego.com.br\/index.php?rest_route=%2Fwp%2Fv2%2Fmedia&parent=6816"}],"wp:term":[{"taxonomy":"category","embeddable":true,"href":"https:\/\/vagas.portalemprego.com.br\/index.php?rest_route=%2Fwp%2Fv2%2Fcategories&post=6816"},{"taxonomy":"post_tag","embeddable":true,"href":"https:\/\/vagas.portalemprego.com.br\/index.php?rest_route=%2Fwp%2Fv2%2Ftags&post=6816"}],"curies":[{"name":"wp","href":"https:\/\/api.w.org\/{rel}","templated":true}]}}